{"id":29288,"date":"2025-02-24T11:52:35","date_gmt":"2025-02-24T14:52:35","guid":{"rendered":"https:\/\/radiosurfm.com\/web\/?p=29288"},"modified":"2025-02-24T11:52:35","modified_gmt":"2025-02-24T14:52:35","slug":"destacan-la-actuacion-de-los-fiscales-barry-y-ballara-en-la-investigacion-en-la-causa-generacion-zoe","status":"publish","type":"post","link":"https:\/\/radiosurfm.com\/web\/2025\/02\/24\/destacan-la-actuacion-de-los-fiscales-barry-y-ballara-en-la-investigacion-en-la-causa-generacion-zoe\/","title":{"rendered":"Destacan la actuaci\u00f3n de los fiscales Barry y Ballar\u00e1 en la investigaci\u00f3n en la causa \u201cGeneraci\u00f3n ZOE\u201d"},"content":{"rendered":"<p>El pasado viernes 21 de febrero se dieron a conocer los fundamentos y veredicto que determin\u00f3 la responsabilidad penal de Cositorto y otros tres imputados en el marco de la causa que se conoce como \u201cGeneraci\u00f3n ZOE.<\/p>\n<p>El juicio que inici\u00f3 en octubre del 2024 se desarroll\u00f3 en el Tribunal de Goya. La Fiscal\u00eda estuvo representada por los doctores Rub\u00e9n Barry y Juan Carlos Castillo y en los \u00faltimos meses fue incorporada la doctora Mar\u00eda Eugenia Ballar\u00e1.<\/p>\n<p>M\u00e1s de 90 testimoniales que incluyen personas damnificadas que accionaron judicialmente contra la organizaci\u00f3n; \u201cGeneraci\u00f3n ZOE\u201d y \u201cZoe Empowerment\u201d, fueron escuchas en las audiencias llevadas adelante en el Tribunal de Juicio de Goya.<\/p>\n<p>Como jefe del Ministerio P\u00fablico, el doctor Sotelo destaca el grado de compromiso de los fiscales involucrados en la causa y el rol clave que ocupa y ocupar\u00e1 el juicio realizado en Goya para el esclarecimiento de imputaciones que involucran a esta organizaci\u00f3n y que cuenta con cientos de damnificados.<\/p>\n<p><b>El primer juicio<\/b><\/p>\n<p>Es el primer juicio que se concreta de los m\u00faltiples procesos que tienen a los supuestos integrantes de \u201cGeneraci\u00f3n Zoe\u201d como protagonistas en todo el pa\u00eds y esto se debe a que la causa se tramit\u00f3 a la luz del nuevo C\u00f3digo Procesal Penal que imprime celeridad e inmediatez a los procesos.<\/p>\n<p>A los supuestos integrantes de \u201cGeneraci\u00f3n ZOE\u201d se los acusa de haber prometido ganancias extraordinarias, cursos de coaching ontol\u00f3gico y el cumplimiento de sue\u00f1os inalcanzables a cambio de inversiones que variaban de monto seg\u00fan cada ahorrista y sus posibilidades de invertir.<\/p>\n<p><b>Los alegatos de la Fiscal\u00eda: pedido de responsabilidad penal<\/b><\/p>\n<p>Durante las audiencias llevadas adelante en la localidad de Goya, la Fiscal\u00eda, representada por los doctores Rub\u00e9n Barry y Mar\u00eda Eugenia Ballar\u00e1 pudo dar cuenta de las probanzas en el proceso, indicando el respaldo testimonial y documental que se vio durante el juicio con los testimonios de testigos y damnificados.<\/p>\n<p>\u201cLos organizadores o jefes idearon planificaron la oficina de la ciudad de Goya poniendo en marcha una estafa piramidal a trav\u00e9s de herramientas de enga\u00f1o que indujeron a error a los inversores\u201d, sostuvo el Fiscal Barry durante sus alegatos en relaci\u00f3n a Cositorto y Batista. Y agreg\u00f3 que \u201cse presentaron como una academia de coaching financiero, como una empresa de educaci\u00f3n pero esto era una pantalla para traer inversores\u201d.<\/p>\n<p>As\u00ed tambi\u00e9n la doctora Mar\u00eda Eugenia Ballar\u00e1 acompa\u00f1\u00f3 las afirmaciones de Barry y agreg\u00f3 que \u201cdurante los meses de juicio se logr\u00f3 comprobar que la asociaci\u00f3n fue creada para delinquir\u201d.<\/p>\n<p>\u201cTodos sab\u00edan cu\u00e1l era el rol que le cab\u00eda a partir de la puesta en funcionamiento de la oficina en la ciudad de Goya\u201d agreg\u00f3 y explic\u00f3 que \u201cla asociaci\u00f3n il\u00edcita se consuma con el solo hecho de formar parte, pero esta asociaci\u00f3n il\u00edcita cometi\u00f3 delitos de estafa en manera reiteradas vendiendo la ilusi\u00f3n de que al colocar su dinero tendr\u00edan r\u00e9dito econ\u00f3mico\u201d.<\/p>\n<p>Ambos fiscales concluyeron durante su alocuci\u00f3n que \u201cse ha acreditado con el grado de certeza la autor\u00eda de cada uno de los imputados como organizadores y como integrantes\u201d solicitaron que se declare la responsabilidad de los mismos observ\u00e1ndose el principio de congruencia hasta el d\u00eda de la fecha.<\/p>\n","protected":false},"excerpt":{"rendered":"<p>El pasado viernes 21 de febrero se dieron a conocer los fundamentos y veredicto que determin\u00f3 la responsabilidad penal de Cositorto y otros tres imputados en el marco de la causa que se conoce como \u201cGeneraci\u00f3n ZOE. El juicio que inici\u00f3 en octubre del 2024 se desarroll\u00f3 en el Tribunal de Goya. La Fiscal\u00eda estuvo [&hellip;]<\/p>\n","protected":false},"author":2,"featured_media":29289,"comment_status":"open","ping_status":"open","sticky":false,"template":"","format":"standard","meta":{"footnotes":""},"categories":[56,68],"tags":[],"class_list":["post-29288","post","type-post","status-publish","format-standard","has-post-thumbnail","hentry","category-locales","category-policiales-nacionales"],"_links":{"self":[{"href":"https:\/\/radiosurfm.com\/web\/wp-json\/wp\/v2\/posts\/29288","targetHints":{"allow":["GET"]}}],"collection":[{"href":"https:\/\/radiosurfm.com\/web\/wp-json\/wp\/v2\/posts"}],"about":[{"href":"https:\/\/radiosurfm.com\/web\/wp-json\/wp\/v2\/types\/post"}],"author":[{"embeddable":true,"href":"https:\/\/radiosurfm.com\/web\/wp-json\/wp\/v2\/users\/2"}],"replies":[{"embeddable":true,"href":"https:\/\/radiosurfm.com\/web\/wp-json\/wp\/v2\/comments?post=29288"}],"version-history":[{"count":0,"href":"https:\/\/radiosurfm.com\/web\/wp-json\/wp\/v2\/posts\/29288\/revisions"}],"wp:featuredmedia":[{"embeddable":true,"href":"https:\/\/radiosurfm.com\/web\/wp-json\/wp\/v2\/media\/29289"}],"wp:attachment":[{"href":"https:\/\/radiosurfm.com\/web\/wp-json\/wp\/v2\/media?parent=29288"}],"wp:term":[{"taxonomy":"category","embeddable":true,"href":"https:\/\/radiosurfm.com\/web\/wp-json\/wp\/v2\/categories?post=29288"},{"taxonomy":"post_tag","embeddable":true,"href":"https:\/\/radiosurfm.com\/web\/wp-json\/wp\/v2\/tags?post=29288"}],"curies":[{"name":"wp","href":"https:\/\/api.w.org\/{rel}","templated":true}]}}