{"id":29300,"date":"2025-02-25T15:07:24","date_gmt":"2025-02-25T18:07:24","guid":{"rendered":"https:\/\/radiosurfm.com\/web\/?p=29300"},"modified":"2025-02-25T15:07:24","modified_gmt":"2025-02-25T18:07:24","slug":"la-justicia-suspendio-el-decreto-de-milei-que-transforma-el-banco-nacion-en-sociedad-anonima","status":"publish","type":"post","link":"https:\/\/radiosurfm.com\/web\/2025\/02\/25\/la-justicia-suspendio-el-decreto-de-milei-que-transforma-el-banco-nacion-en-sociedad-anonima\/","title":{"rendered":"La Justicia suspendi\u00f3 el decreto de Milei que transforma el Banco Naci\u00f3n en Sociedad An\u00f3nima"},"content":{"rendered":"<p>La Justicia suspendi\u00f3 el decreto del presidente Javier Milei que transforma el Banco Naci\u00f3n en Sociedad An\u00f3nima. El juez federal, Alejo Ramos Padilla, dict\u00f3 una medida cautelar que fren\u00f3 la disposici\u00f3n del Gobierno. En su fallo, el magistrado argument\u00f3 que \u201cla decisi\u00f3n del Ejecutivo podr\u00eda contradecir la voluntad del Congreso\u201d.<\/p>\n<p>La semana pasada el Gobierno dispuso \u201cla transformaci\u00f3n del ente aut\u00e1rquico Banco de la Naci\u00f3n Argentina en Banco de la Naci\u00f3n Argentina Sociedad An\u00f3nima (BNA SA)\u201d, a trav\u00e9s de un decreto publicado en el Bolet\u00edn Oficial, firmado por el presidente Javier Milei.<\/p>\n<p>Le\u00e9 tambi\u00e9n: Las \u00faltimas noticias de Javier Milei en medio de la pol\u00e9mica por la criptomoneda<\/p>\n<p>El fallo responde a una causa iniciada el 11 de junio del a\u00f1o pasado, con el objetivo de que se declarase \u201cla nulidad e inconstitucionalidad de la Resoluci\u00f3n Privativa del Directorio del BNA n\u00ba 348 as\u00ed como de todo acto que tenga por objeto avanzar con la privatizaci\u00f3n de esa entidad bancaria\u201d.<\/p>\n<p>Las claves de la suspensi\u00f3n del decreto de Javier Milei que transforma el Banco Naci\u00f3n en Sociedad An\u00f3nima<br \/>\nLa resoluci\u00f3n judicial que suspendi\u00f3 el decreto de Milei que transforma el BNA en Sociedad An\u00f3nima determin\u00f3 \u201ccomo medida cautelar interina la suspensi\u00f3n de los efectos del DNU 116\/25 y ordenar al Estado Nacional y al Banco de la Naci\u00f3n Argentina que se abstengan de toda acci\u00f3n tendiente a su implementaci\u00f3n\u201d.<\/p>\n<p>El fallo adem\u00e1s dispuso \u201crequerir a las autoridades p\u00fablicas demandadas que, dentro del plazo de cinco (5) d\u00edas, produzcan un informe que d\u00e9 cuenta del inter\u00e9s p\u00fablico comprometido por la solicitud de medida cautelar efectuada por la actora en fecha 20\/2\/2025\u2033.<\/p>\n<p>Mencion\u00f3 que \u201cel art\u00edculo 1 de la Carta Org\u00e1nica del Banco establece expresamente que el BNA es una entidad aut\u00e1rquica con autonom\u00eda presupuestaria y administrativa, cuyo r\u00e9gimen no se encuentra sujeto a las normas generales de la administraci\u00f3n p\u00fablica nacional\u201d.<\/p>\n<p>Aclar\u00f3 que \u201cdicha previsi\u00f3n impide que el Ejecutivo pueda modificar su estructura sin una ley espec\u00edfica del Congreso, ya que la delegaci\u00f3n legislativa conferida por la Ley 27.742 es de car\u00e1cter general, y no habilita una transformaci\u00f3n de esta magnitud sin norma expresa\u201d.<\/p>\n<p>Destac\u00f3 que \u201cel Banco de la Naci\u00f3n Argentina es una entidad aut\u00e1rquica cuya creaci\u00f3n compete al Congreso Nacional\u201d y que \u201cpor lo tanto, es \u00e9ste el \u00fanico Poder que tiene la facultad de revocar dicho car\u00e1cter y cualquier decisi\u00f3n sobre la modificaci\u00f3n del estatus de autarqu\u00eda de una entidad creada por el Congreso Nacional debe emanar exclusivamente del Poder Legislativo\u201d.<\/p>\n<p>Advirti\u00f3 que \u201cel decreto 116\/2025 del P.E.N. se tratar\u00eda de un decreto delegado dictado en exceso, en tanto la interpretaci\u00f3n del alcance de la delegaci\u00f3n fijada en el art. 3 de la \u2018Ley Bases\u2019 debe ser integrada con el resto de la norma, en especial con el cap\u00edtulo \u2018II. Privatizaci\u00f3n\u2019, en el que se excluy\u00f3 al Banco de la Naci\u00f3n Argentina, como as\u00ed tambi\u00e9n con el modo en que se desarroll\u00f3 y se alcanzaron los consensos durante el debate parlamentario\u201d.<\/p>\n<p>Ramos Padilla explic\u00f3 que \u201cser\u00e1 la C\u00e1mara Federal de Apelaciones de La Plata la que, en definitiva, deber\u00e1 decidir si corresponde o no mantener la decisi\u00f3n oportunamente dictada en esta causa que, adem\u00e1s de considerar abstracta la cuesti\u00f3n, declaraba que la modificaci\u00f3n de la situaci\u00f3n jur\u00eddica de la entidad bancaria solo puede llevarse adelante mediante una ley formal dictada por el Congreso de la Naci\u00f3n y promulgada por el Poder Ejecutivo Nacional y, eventualmente, analizar c\u00f3mo afecta el \u2018hecho nuevo\u2019 incorporado por la actora, teniendo en consideraci\u00f3n las alegaciones efectuadas por las partes y lo resuelto en su momento por este Tribunal&#8221;.<\/p>\n<p>El secretario general de La Bancaria, Sergio Palazzo, destac\u00f3 el fallo que suspendi\u00f3 el decreto que transforma el Banco Naci\u00f3n en Sociedad An\u00f3nima. (Foto: captura X @SergioOPalazzo)<br \/>\nEl secretario general de La Bancaria, Sergio Palazzo, destac\u00f3 el fallo que suspendi\u00f3 el decreto que transforma el Banco Naci\u00f3n en SA. El dirigente gremial escribi\u00f3 en su cuenta de X: \u201cCelebramos el fallo del Juez Alejo Ramos Padilla del Juzgado Federal de La Plata quien acaba de suspender el decreto N\u00famero 116\/25 que transformaba el Banco Naci\u00f3n en Sociedad An\u00f3nima\u201d.<\/p>\n","protected":false},"excerpt":{"rendered":"<p>La Justicia suspendi\u00f3 el decreto del presidente Javier Milei que transforma el Banco Naci\u00f3n en Sociedad An\u00f3nima. El juez federal, Alejo Ramos Padilla, dict\u00f3 una medida cautelar que fren\u00f3 la disposici\u00f3n del Gobierno. En su fallo, el magistrado argument\u00f3 que \u201cla decisi\u00f3n del Ejecutivo podr\u00eda contradecir la voluntad del Congreso\u201d. La semana pasada el Gobierno [&hellip;]<\/p>\n","protected":false},"author":2,"featured_media":23762,"comment_status":"open","ping_status":"open","sticky":false,"template":"","format":"standard","meta":{"footnotes":""},"categories":[65,64],"tags":[],"class_list":["post-29300","post","type-post","status-publish","format-standard","has-post-thumbnail","hentry","category-economia","category-nacionales"],"_links":{"self":[{"href":"https:\/\/radiosurfm.com\/web\/wp-json\/wp\/v2\/posts\/29300","targetHints":{"allow":["GET"]}}],"collection":[{"href":"https:\/\/radiosurfm.com\/web\/wp-json\/wp\/v2\/posts"}],"about":[{"href":"https:\/\/radiosurfm.com\/web\/wp-json\/wp\/v2\/types\/post"}],"author":[{"embeddable":true,"href":"https:\/\/radiosurfm.com\/web\/wp-json\/wp\/v2\/users\/2"}],"replies":[{"embeddable":true,"href":"https:\/\/radiosurfm.com\/web\/wp-json\/wp\/v2\/comments?post=29300"}],"version-history":[{"count":0,"href":"https:\/\/radiosurfm.com\/web\/wp-json\/wp\/v2\/posts\/29300\/revisions"}],"wp:featuredmedia":[{"embeddable":true,"href":"https:\/\/radiosurfm.com\/web\/wp-json\/wp\/v2\/media\/23762"}],"wp:attachment":[{"href":"https:\/\/radiosurfm.com\/web\/wp-json\/wp\/v2\/media?parent=29300"}],"wp:term":[{"taxonomy":"category","embeddable":true,"href":"https:\/\/radiosurfm.com\/web\/wp-json\/wp\/v2\/categories?post=29300"},{"taxonomy":"post_tag","embeddable":true,"href":"https:\/\/radiosurfm.com\/web\/wp-json\/wp\/v2\/tags?post=29300"}],"curies":[{"name":"wp","href":"https:\/\/api.w.org\/{rel}","templated":true}]}}