{"id":29304,"date":"2025-02-25T23:05:11","date_gmt":"2025-02-26T02:05:11","guid":{"rendered":"https:\/\/radiosurfm.com\/web\/?p=29304"},"modified":"2025-02-25T23:07:57","modified_gmt":"2025-02-26T02:07:57","slug":"interna-justicialista-en-goya-fuerza-peronista-presento-a-sus-candidatos","status":"publish","type":"post","link":"https:\/\/radiosurfm.com\/web\/2025\/02\/25\/interna-justicialista-en-goya-fuerza-peronista-presento-a-sus-candidatos\/","title":{"rendered":"Interna justicialista en Goya: Fuerza peronista present\u00f3 a sus candidatos"},"content":{"rendered":"<p>Este marte 25 de febrero se present\u00f3 en conferencia de prensa, en la m\u00edtica Lt6 Radio Goya, la lista 12 &#8220;Fuerza Peronista&#8221;, encabezada por Julia &#8220;Mami&#8221; Diaz, en el marco de las internas del Partido Justicialista en Goya a realizarse el pr\u00f3ximo 9 de marzo.<\/p>\n<p>El PJ goyano elegir\u00e1 autoridades, luego de casi 6 a\u00f1os intervenido. Fuerza peronista tiene como candidata a Presidenta a &#8220;Mami Diaz&#8221;, a Carlos R\u00edos, delegado sindical del SOMU, como candidato a Vice Presidente, a Matias Bianciotto, como candidato a Sec. General y a Leandro Lalo Montti, como pre candidato a Concejal.<\/p>\n<p>Hicieron hincapi\u00e9 en que se trata de una interna partidaria, que se va a elegir quien va a conducir los destinos del partido, no quien va a ser el pr\u00f3ximo Intendente, estrategia que est\u00e1 usando la lista opositora que lleva como candidato a Presidente del partido a Marcos Bassi y a Lisandro Paleari como pre candidato a Intendente de la ciudad.<\/p>\n<p>Mami Diaz remarc\u00f3 tener la fuerza para construir un partido para los afiliados y &#8220;hacer cumplir la doctrina, algo que no se hizo nunca&#8221;.<\/p>\n<p><img loading=\"lazy\" decoding=\"async\" class=\"alignnone size-full wp-image-29305\" src=\"https:\/\/radiosurfm.com\/web\/wp-content\/uploads\/2025\/02\/IMG_7520.jpg\" alt=\"\" width=\"6000\" height=\"4000\" srcset=\"https:\/\/radiosurfm.com\/web\/wp-content\/uploads\/2025\/02\/IMG_7520.jpg 6000w, https:\/\/radiosurfm.com\/web\/wp-content\/uploads\/2025\/02\/IMG_7520-696x464.jpg 696w, https:\/\/radiosurfm.com\/web\/wp-content\/uploads\/2025\/02\/IMG_7520-1068x712.jpg 1068w, https:\/\/radiosurfm.com\/web\/wp-content\/uploads\/2025\/02\/IMG_7520-630x420.jpg 630w\" sizes=\"auto, (max-width: 6000px) 100vw, 6000px\" \/><\/p>\n<p>Por su parte Carlos R\u00edos, enfatiz\u00f3 en la divisi\u00f3n que hay actualmente en el PJ. &#8220;Queremos recuperarlo de la mano de &#8220;Mami&#8221; Diaz y que sea un verdadero basti\u00f3n para el justicialismo&#8221;.<\/p>\n<p>Mat\u00edas Bianciotto, referente de la Corriente Peronista Eva Pueblo, fue claro en su intervenci\u00f3n: &#8220;queremos que el partido cumpla su funci\u00f3n como tal, que tenga una sede, que funcionen las secretarias, recuperar la formaci\u00f3n pol\u00edtica, tan importante para tener cuadros. En las ultimas elecciones en el concejo deliberante entraron 2 concejales con los votos del peronismo, uno acusado de violaci\u00f3n y alguien que si bien acompa\u00f1a dentro del frente, no es peronista. Queremos terminar con eso&#8221;, finaliz\u00f3.<\/p>\n<p><img loading=\"lazy\" decoding=\"async\" class=\"alignnone size-full wp-image-29306\" src=\"https:\/\/radiosurfm.com\/web\/wp-content\/uploads\/2025\/02\/IMG_7511.jpg\" alt=\"\" width=\"6000\" height=\"4000\" srcset=\"https:\/\/radiosurfm.com\/web\/wp-content\/uploads\/2025\/02\/IMG_7511.jpg 6000w, https:\/\/radiosurfm.com\/web\/wp-content\/uploads\/2025\/02\/IMG_7511-696x464.jpg 696w, https:\/\/radiosurfm.com\/web\/wp-content\/uploads\/2025\/02\/IMG_7511-1068x712.jpg 1068w, https:\/\/radiosurfm.com\/web\/wp-content\/uploads\/2025\/02\/IMG_7511-630x420.jpg 630w\" sizes=\"auto, (max-width: 6000px) 100vw, 6000px\" \/><\/p>\n<p>Por ultimo Lalo Montti, actual Concejal por PJ hizo referencia a que las decisiones se vienen tomando desde otras provincias, y que hay normalizar el partido para que las decisiones las tomen los goyanos y correntinos para el bien del PJ en la provincia y en la ciudad.<\/p>\n<p><img loading=\"lazy\" decoding=\"async\" class=\"alignnone size-full wp-image-29307\" src=\"https:\/\/radiosurfm.com\/web\/wp-content\/uploads\/2025\/02\/IMG_7505.jpg\" alt=\"\" width=\"6000\" height=\"4000\" srcset=\"https:\/\/radiosurfm.com\/web\/wp-content\/uploads\/2025\/02\/IMG_7505.jpg 6000w, https:\/\/radiosurfm.com\/web\/wp-content\/uploads\/2025\/02\/IMG_7505-696x464.jpg 696w, https:\/\/radiosurfm.com\/web\/wp-content\/uploads\/2025\/02\/IMG_7505-1068x712.jpg 1068w, https:\/\/radiosurfm.com\/web\/wp-content\/uploads\/2025\/02\/IMG_7505-630x420.jpg 630w\" sizes=\"auto, (max-width: 6000px) 100vw, 6000px\" \/><\/p>\n","protected":false},"excerpt":{"rendered":"<p>Este marte 25 de febrero se present\u00f3 en conferencia de prensa, en la m\u00edtica Lt6 Radio Goya, la lista 12 &#8220;Fuerza Peronista&#8221;, encabezada por Julia &#8220;Mami&#8221; Diaz, en el marco de las internas del Partido Justicialista en Goya a realizarse el pr\u00f3ximo 9 de marzo. El PJ goyano elegir\u00e1 autoridades, luego de casi 6 a\u00f1os [&hellip;]<\/p>\n","protected":false},"author":2,"featured_media":29308,"comment_status":"open","ping_status":"open","sticky":false,"template":"","format":"standard","meta":{"footnotes":""},"categories":[56,66],"tags":[],"class_list":["post-29304","post","type-post","status-publish","format-standard","has-post-thumbnail","hentry","category-locales","category-politica-nacionales"],"_links":{"self":[{"href":"https:\/\/radiosurfm.com\/web\/wp-json\/wp\/v2\/posts\/29304","targetHints":{"allow":["GET"]}}],"collection":[{"href":"https:\/\/radiosurfm.com\/web\/wp-json\/wp\/v2\/posts"}],"about":[{"href":"https:\/\/radiosurfm.com\/web\/wp-json\/wp\/v2\/types\/post"}],"author":[{"embeddable":true,"href":"https:\/\/radiosurfm.com\/web\/wp-json\/wp\/v2\/users\/2"}],"replies":[{"embeddable":true,"href":"https:\/\/radiosurfm.com\/web\/wp-json\/wp\/v2\/comments?post=29304"}],"version-history":[{"count":0,"href":"https:\/\/radiosurfm.com\/web\/wp-json\/wp\/v2\/posts\/29304\/revisions"}],"wp:featuredmedia":[{"embeddable":true,"href":"https:\/\/radiosurfm.com\/web\/wp-json\/wp\/v2\/media\/29308"}],"wp:attachment":[{"href":"https:\/\/radiosurfm.com\/web\/wp-json\/wp\/v2\/media?parent=29304"}],"wp:term":[{"taxonomy":"category","embeddable":true,"href":"https:\/\/radiosurfm.com\/web\/wp-json\/wp\/v2\/categories?post=29304"},{"taxonomy":"post_tag","embeddable":true,"href":"https:\/\/radiosurfm.com\/web\/wp-json\/wp\/v2\/tags?post=29304"}],"curies":[{"name":"wp","href":"https:\/\/api.w.org\/{rel}","templated":true}]}}