{"id":29345,"date":"2025-02-28T13:56:25","date_gmt":"2025-02-28T16:56:25","guid":{"rendered":"https:\/\/radiosurfm.com\/web\/?p=29345"},"modified":"2025-02-28T13:56:25","modified_gmt":"2025-02-28T16:56:25","slug":"jornada-nacional-de-lucha-el-13-03-suteco-demanda-salario-sobre-linea-de-pobreza-y-adhiere-a-medidas-de-fuerza-docente-de-ctera","status":"publish","type":"post","link":"https:\/\/radiosurfm.com\/web\/2025\/02\/28\/jornada-nacional-de-lucha-el-13-03-suteco-demanda-salario-sobre-linea-de-pobreza-y-adhiere-a-medidas-de-fuerza-docente-de-ctera\/","title":{"rendered":"JORNADA NACIONAL DE LUCHA EL 13\/03: SUTECO demanda salario sobre l\u00ednea de pobreza y adhiere a medidas de fuerza docente de CTERA"},"content":{"rendered":"<p>Ante la inflexibilidad del Gobierno de la Provincia de Corrientes de no mejorar su oferta de actualizaci\u00f3n salarial del 13%, este jueves 27\/02 el SUTECO no firm\u00f3 el acta-acuerdo propuesto por el Ejecutivo.<\/p>\n<p>&#8220;Rechazamos la propuesta del Gobierno de Corrientes por ser insuficiente. No la firmamos, porque el SUTECO viene planteando que la actualizaci\u00f3n para marzo deber\u00eda ser, como m\u00ednimo, del 20% para compensar las p\u00e9rdidas desde diciembre&#8221;, explic\u00f3 el secretario general Fernando Ram\u00edrez.<\/p>\n<p>Como alternativa, el SUTECO platea &#8220;blanquear los $300.000 y pico que va el fondo compensador provincial, que todo es negro; para que nuestro sector pasivo no tenga una merma si se jubila con un cargo: m\u00e1s de $300 mil con un cargo y m\u00e1s de $600 mil si son dos cargos. Esos $600 mil representan un salario m\u00ednimo docente que estar\u00eda en $608.000 sin plus&#8221;, compar\u00f3 el titular del SUTECO.<\/p>\n<p>El titular de SUTECO asegur\u00f3 que el Salario Inicial docente est\u00e1 por encima de $600.000 m\u00e1s plus, pero es insuficiente frente al costo de la canasta familiar: &#8220;Tenemos que acercarnos al $1.000.000 de Salario Inicial por cargo para igualar la l\u00ednea de pobreza&#8221; enfatiz\u00f3 Ram\u00edrez.<\/p>\n<p>En lo que respecta a &#8220;infraestructura escolar, condiciones de trabajo y dem\u00e1s; no hubo absolutamente nada: no hubo ninguna propuesta. No apareci\u00f3\u0301 la Ministra en la \u00faltima reuni\u00f3n, adem\u00e1s de la postura intransigente del Gobierno&#8221;, agreg\u00f3 Fernando Ram\u00edrez.<\/p>\n<p>El SUTECO sostiene, con coherencia y compromiso de lucha, las demandas de los y las docentes de Corrientes:<br \/>\nSuba al Salario B\u00e1sico arriba de la inflaci\u00f3n,<br \/>\nSalario Inicial arriba de la L\u00ednea de Pobreza,<br \/>\nIgual monto de Salario Inicial hasta en 2do cargo,<br \/>\nI\u0301tem Movilidad para docentes rurales,<br \/>\nI\u0301tem Zona para docentes de Secundaria,<br \/>\nSAC igual al 50% del haber (hoy no llega al 30%),<br \/>\nFondo Compensador Provincial remunerativo,<br \/>\nCo\u0301digo 193 se pague hasta en el segundo cargo,<br \/>\nQue el IOSCOR funcione y brinde servicio n todas las localidades,<br \/>\nVivienda para docentes.<\/p>\n<p>JORNADA NACIONAL DE LUCHA DOCENTE<\/p>\n<p>Este jueves 27\/02 el SUTECO particip\u00f3 del Congreso Extraordinario de la CTERA, en la que se resolvi\u00f3 convocar a una Jornada Nacional de Lucha para el d\u00eda 13 de marzo en defensa de la educaci\u00f3n p\u00fablica y los derechos de las y los trabajadores de la educaci\u00f3n.<\/p>\n<p>La jornada de lucha, incluir\u00e1n movilizaciones, actos, radios abiertas y otras acciones en todo el del pa\u00eds. El SUTECO y la CTERA demandan:<br \/>\nParitaria Nacional Docente<br \/>\nLey de Financiamiento Educativo.<br \/>\nRestituci\u00f3n y actualizaci\u00f3n del FONID.<br \/>\nQue ning\u00fan docente del pa\u00eds est\u00e9 debajo de la l\u00ednea de la pobreza.<br \/>\nMayor Presupuesto Educativo Nacional<br \/>\nEscuelas en condiciones dignas para ense\u00f1ar y aprender.<br \/>\nAumento de las Becas Progresar.<br \/>\nInversi\u00f3n en Piso Tecnol\u00f3gico y Comedores Escolares<br \/>\nDefensa del Sistema Previsional P\u00fablico, Solidario y de Reparto<br \/>\nEn defensa de las obras Sociales Sindicales y Provinciales.<\/p>\n","protected":false},"excerpt":{"rendered":"<p>Ante la inflexibilidad del Gobierno de la Provincia de Corrientes de no mejorar su oferta de actualizaci\u00f3n salarial del 13%, este jueves 27\/02 el SUTECO no firm\u00f3 el acta-acuerdo propuesto por el Ejecutivo. &#8220;Rechazamos la propuesta del Gobierno de Corrientes por ser insuficiente. No la firmamos, porque el SUTECO viene planteando que la actualizaci\u00f3n para [&hellip;]<\/p>\n","protected":false},"author":2,"featured_media":28200,"comment_status":"open","ping_status":"open","sticky":false,"template":"","format":"standard","meta":{"footnotes":""},"categories":[65,72],"tags":[],"class_list":["post-29345","post","type-post","status-publish","format-standard","has-post-thumbnail","hentry","category-economia","category-provinciales"],"_links":{"self":[{"href":"https:\/\/radiosurfm.com\/web\/wp-json\/wp\/v2\/posts\/29345","targetHints":{"allow":["GET"]}}],"collection":[{"href":"https:\/\/radiosurfm.com\/web\/wp-json\/wp\/v2\/posts"}],"about":[{"href":"https:\/\/radiosurfm.com\/web\/wp-json\/wp\/v2\/types\/post"}],"author":[{"embeddable":true,"href":"https:\/\/radiosurfm.com\/web\/wp-json\/wp\/v2\/users\/2"}],"replies":[{"embeddable":true,"href":"https:\/\/radiosurfm.com\/web\/wp-json\/wp\/v2\/comments?post=29345"}],"version-history":[{"count":0,"href":"https:\/\/radiosurfm.com\/web\/wp-json\/wp\/v2\/posts\/29345\/revisions"}],"wp:featuredmedia":[{"embeddable":true,"href":"https:\/\/radiosurfm.com\/web\/wp-json\/wp\/v2\/media\/28200"}],"wp:attachment":[{"href":"https:\/\/radiosurfm.com\/web\/wp-json\/wp\/v2\/media?parent=29345"}],"wp:term":[{"taxonomy":"category","embeddable":true,"href":"https:\/\/radiosurfm.com\/web\/wp-json\/wp\/v2\/categories?post=29345"},{"taxonomy":"post_tag","embeddable":true,"href":"https:\/\/radiosurfm.com\/web\/wp-json\/wp\/v2\/tags?post=29345"}],"curies":[{"name":"wp","href":"https:\/\/api.w.org\/{rel}","templated":true}]}}