{"id":29347,"date":"2025-02-28T13:59:36","date_gmt":"2025-02-28T16:59:36","guid":{"rendered":"https:\/\/radiosurfm.com\/web\/?p=29347"},"modified":"2025-02-28T13:59:36","modified_gmt":"2025-02-28T16:59:36","slug":"goya-cumbia-este-sabado-en-playa-el-inga-cierra-temporada-veraniega","status":"publish","type":"post","link":"https:\/\/radiosurfm.com\/web\/2025\/02\/28\/goya-cumbia-este-sabado-en-playa-el-inga-cierra-temporada-veraniega\/","title":{"rendered":"Goya cumbia, este s\u00e1bado, en playa &#8220;El Inga&#8221; cierra temporada veraniega"},"content":{"rendered":"<p>Gast\u00f3n Espinosa, Director de Juventud, expres\u00f3 que llega a su fin la temporada de verano, en Costanera Norte m\u00e1s precisamente en playa &#8220;El Inga&#8221;, convocando compartir una jornada con la m\u00fasica, con Goya Cumbia. M\u00e1s all\u00e1 del cierre record\u00f3 la realizaci\u00f3n de otros eventos programados en el mismo espacio natural como la Traves\u00eda del Isor\u00f3 y el Triatl\u00f3n.<\/p>\n<p>&#8220;Arrancamos este s\u00e1bado 28 de febrero a partir de las 21:30 hs, con TENTACI\u00d3N LATINA, DESVELO, VEN A BAILAR y cerraremos con LA CUBANA&#8221;, indic\u00f3 el Director de Juventud de la Municipalidad de Goya.<\/p>\n<p>All\u00ed tambi\u00e9n y en esta oportunidad se realizar\u00e1 el sorteo del programa de la Direcci\u00f3n de Tr\u00e1nsito &#8220;YO LO USO&#8221;, que busca concientizar el uso responsable del casco, en distintos operativos se entregaron m\u00e1s de 1000 tickets. Recordemos que este programa tiene como premio mayor una moto 0km, televisores smart y \u00f3rdenes de compra.<\/p>\n<p>Por \u00faltimo Espinosa, ampli\u00f3 la invitaci\u00f3n a todos a disfrutar de los grupos locales en el Goya Cumbia con sus silletas y su alegr\u00eda.<\/p>\n","protected":false},"excerpt":{"rendered":"<p>Gast\u00f3n Espinosa, Director de Juventud, expres\u00f3 que llega a su fin la temporada de verano, en Costanera Norte m\u00e1s precisamente en playa &#8220;El Inga&#8221;, convocando compartir una jornada con la m\u00fasica, con Goya Cumbia. M\u00e1s all\u00e1 del cierre record\u00f3 la realizaci\u00f3n de otros eventos programados en el mismo espacio natural como la Traves\u00eda del Isor\u00f3 [&hellip;]<\/p>\n","protected":false},"author":2,"featured_media":29348,"comment_status":"open","ping_status":"open","sticky":false,"template":"","format":"standard","meta":{"footnotes":""},"categories":[67,56],"tags":[],"class_list":["post-29347","post","type-post","status-publish","format-standard","has-post-thumbnail","hentry","category-cultura","category-locales"],"_links":{"self":[{"href":"https:\/\/radiosurfm.com\/web\/wp-json\/wp\/v2\/posts\/29347","targetHints":{"allow":["GET"]}}],"collection":[{"href":"https:\/\/radiosurfm.com\/web\/wp-json\/wp\/v2\/posts"}],"about":[{"href":"https:\/\/radiosurfm.com\/web\/wp-json\/wp\/v2\/types\/post"}],"author":[{"embeddable":true,"href":"https:\/\/radiosurfm.com\/web\/wp-json\/wp\/v2\/users\/2"}],"replies":[{"embeddable":true,"href":"https:\/\/radiosurfm.com\/web\/wp-json\/wp\/v2\/comments?post=29347"}],"version-history":[{"count":0,"href":"https:\/\/radiosurfm.com\/web\/wp-json\/wp\/v2\/posts\/29347\/revisions"}],"wp:featuredmedia":[{"embeddable":true,"href":"https:\/\/radiosurfm.com\/web\/wp-json\/wp\/v2\/media\/29348"}],"wp:attachment":[{"href":"https:\/\/radiosurfm.com\/web\/wp-json\/wp\/v2\/media?parent=29347"}],"wp:term":[{"taxonomy":"category","embeddable":true,"href":"https:\/\/radiosurfm.com\/web\/wp-json\/wp\/v2\/categories?post=29347"},{"taxonomy":"post_tag","embeddable":true,"href":"https:\/\/radiosurfm.com\/web\/wp-json\/wp\/v2\/tags?post=29347"}],"curies":[{"name":"wp","href":"https:\/\/api.w.org\/{rel}","templated":true}]}}