{"id":29350,"date":"2025-02-28T14:08:36","date_gmt":"2025-02-28T17:08:36","guid":{"rendered":"https:\/\/radiosurfm.com\/web\/?p=29350"},"modified":"2025-02-28T14:08:36","modified_gmt":"2025-02-28T17:08:36","slug":"el-papa-francisco-esta-en-estado-critico-y-continua-hospitalizado","status":"publish","type":"post","link":"https:\/\/radiosurfm.com\/web\/2025\/02\/28\/el-papa-francisco-esta-en-estado-critico-y-continua-hospitalizado\/","title":{"rendered":"El papa Francisco est\u00e1 en estado cr\u00edtico y contin\u00faa hospitalizado"},"content":{"rendered":"<p>Informaron desde el vaticano este viernes a la ma\u00f1ana, que si bien el Pont\u00edfice argentino mostr\u00f3 una leve mejor\u00eda, sigue necesitando terapia a base de ox\u00edgeno. Ya es el segundo d\u00eda que Francisco se encuentra en estado &#8220;cr\u00edtico&#8221; de salud.<\/p>\n<p>Su situaci\u00f3n cl\u00ednica sigue siendo\u00a0<strong>&#8220;compleja&#8221;\u00a0<\/strong>y, por eso, su pron\u00f3stico permanece reservado y se necesitar\u00e1n\u00a0<strong>&#8220;m\u00e1s d\u00edas de estabilidad cl\u00ednica&#8221;<\/strong>\u00a0para esclarecer la evoluci\u00f3n de su salud, al menos tendr\u00e1 que pasar este fin de semana.<\/p>\n<p>Esto indica, seg\u00fan fuentes vaticanas, que el pont\u00edfice &#8220;ha dejado atr\u00e1s la fase cr\u00edtica&#8221; en la que entr\u00f3 sufriendo una crisis respiratoria, una anemia y un nivel alarmantemente bajo de plaquetas, por lo que necesit\u00f3 una transfusi\u00f3n de sangre hace una semana.<\/p>\n<p><strong>\u00bfQu\u00e9 es la neumon\u00eda doble y c\u00f3mo afecta la salud del Papa?<\/strong><br \/>\nLa neumon\u00eda doble es una infecci\u00f3n grave que inflama ambos pulmones, lo que puede generar cicatrices y dificultar la respiraci\u00f3n.<\/p>\n<p>Seg\u00fan el Vaticano, el s\u00e1bado Francisco sufri\u00f3 una &#8220;crisis respiratoria prolongada de tipo asm\u00e1tico&#8221;, aunque desde entonces no se han reportado nuevos episodios.<\/p>\n<div class=\"container-spot\" data-tipo=\"tipo_todo\" data-pos=\"NEW_P3_cuerpo\"><\/div>\n<p>El estado de salud del papa Francisco sigue siendo monitoreado de cerca, mientras la comunidad cat\u00f3lica permanece atenta a su evoluci\u00f3n.<\/p>\n","protected":false},"excerpt":{"rendered":"<p>Informaron desde el vaticano este viernes a la ma\u00f1ana, que si bien el Pont\u00edfice argentino mostr\u00f3 una leve mejor\u00eda, sigue necesitando terapia a base de ox\u00edgeno. Ya es el segundo d\u00eda que Francisco se encuentra en estado &#8220;cr\u00edtico&#8221; de salud. Su situaci\u00f3n cl\u00ednica sigue siendo\u00a0&#8220;compleja&#8221;\u00a0y, por eso, su pron\u00f3stico permanece reservado y se necesitar\u00e1n\u00a0&#8220;m\u00e1s d\u00edas [&hellip;]<\/p>\n","protected":false},"author":2,"featured_media":24572,"comment_status":"open","ping_status":"open","sticky":false,"template":"","format":"standard","meta":{"footnotes":""},"categories":[64],"tags":[],"class_list":["post-29350","post","type-post","status-publish","format-standard","has-post-thumbnail","hentry","category-nacionales"],"_links":{"self":[{"href":"https:\/\/radiosurfm.com\/web\/wp-json\/wp\/v2\/posts\/29350","targetHints":{"allow":["GET"]}}],"collection":[{"href":"https:\/\/radiosurfm.com\/web\/wp-json\/wp\/v2\/posts"}],"about":[{"href":"https:\/\/radiosurfm.com\/web\/wp-json\/wp\/v2\/types\/post"}],"author":[{"embeddable":true,"href":"https:\/\/radiosurfm.com\/web\/wp-json\/wp\/v2\/users\/2"}],"replies":[{"embeddable":true,"href":"https:\/\/radiosurfm.com\/web\/wp-json\/wp\/v2\/comments?post=29350"}],"version-history":[{"count":0,"href":"https:\/\/radiosurfm.com\/web\/wp-json\/wp\/v2\/posts\/29350\/revisions"}],"wp:featuredmedia":[{"embeddable":true,"href":"https:\/\/radiosurfm.com\/web\/wp-json\/wp\/v2\/media\/24572"}],"wp:attachment":[{"href":"https:\/\/radiosurfm.com\/web\/wp-json\/wp\/v2\/media?parent=29350"}],"wp:term":[{"taxonomy":"category","embeddable":true,"href":"https:\/\/radiosurfm.com\/web\/wp-json\/wp\/v2\/categories?post=29350"},{"taxonomy":"post_tag","embeddable":true,"href":"https:\/\/radiosurfm.com\/web\/wp-json\/wp\/v2\/tags?post=29350"}],"curies":[{"name":"wp","href":"https:\/\/api.w.org\/{rel}","templated":true}]}}