{"id":29418,"date":"2025-03-06T14:26:11","date_gmt":"2025-03-06T17:26:11","guid":{"rendered":"https:\/\/radiosurfm.com\/web\/?p=29418"},"modified":"2025-03-06T14:26:11","modified_gmt":"2025-03-06T17:26:11","slug":"la-remada-en-defensa-del-rio-parana-llega-a-goya-el-viernes-a-las-19-hs","status":"publish","type":"post","link":"https:\/\/radiosurfm.com\/web\/2025\/03\/06\/la-remada-en-defensa-del-rio-parana-llega-a-goya-el-viernes-a-las-19-hs\/","title":{"rendered":"La Remada en Defensa del r\u00edo Paran\u00e1 llega a Goya el Viernes a las 19 HS"},"content":{"rendered":"<p>La jornada comenz\u00f3 en el Camping Los Nietos, un emprendimiento de pescadores que recibi\u00f3 a los remeros con un banquete de arroz con pollo al disco y pescadeada frita.<\/p>\n<p>El Paran\u00e1 majestuoso sorprendi\u00f3 a m\u00e1s de uno por su inmensidad, pero lo m\u00e1s celebrado fue el recibimiento de pescadores, quienes abrieron sus puertas y corazones a la traves\u00eda. Este peque\u00f1o paraje, conectado a Florencia por un camino de tierra de 20 km, cuenta con electricidad gracias a un tendido que alcanz\u00f3 a las comunidades ribere\u00f1as.<\/p>\n<p>Con m\u00e1s de 40\u00b0 al mediod\u00eda, los remeros retomaron el cauce rumbo a Bella Vista, donde los esperaba el equipo de tierra y una reuni\u00f3n clave con trabajadores, pescadores y periodistas para intercambiar experiencias sobre la lucha por la soberan\u00eda del r\u00edo.<\/p>\n<p>Se debatieron temas urgentes: Despidos en programas esenciales como Pro Huerta, que sosten\u00edan la agricultura familiar. La falta de organizaci\u00f3n de los pescadores en Bella Vista, lo que los deja en una mayor situaci\u00f3n de vulnerabilidad.<\/p>\n<p>Los impactos ambientales, como la contaminaci\u00f3n provocada por f\u00e1bricas como la planta de jugos del barrio Centenario.<\/p>\n<p>La jornada cerr\u00f3 con la proyecci\u00f3n del documental &#8220;Un pueblo, un r\u00edo&#8221;, seguido por intervenciones de referentes como Luciano Orellano, Luis &#8220;Cosita&#8221; Romero y Martha Arriola, quienes convocaron a seguir remando por el agua, la vida y la soberan\u00eda.<\/p>\n<p>Se prev\u00e9 el arribo a las costas de Goya para el viernes alrededor de las 19 horas y luego se realizar\u00e1 una rueda de prensa en la casa parroquial de Mariano I. Loza 661. Se encuentra colaborando con la iniciativa en Goya, Leandro Montti y referentes del obispado de Goya.-<\/p>\n","protected":false},"excerpt":{"rendered":"<p>La jornada comenz\u00f3 en el Camping Los Nietos, un emprendimiento de pescadores que recibi\u00f3 a los remeros con un banquete de arroz con pollo al disco y pescadeada frita. El Paran\u00e1 majestuoso sorprendi\u00f3 a m\u00e1s de uno por su inmensidad, pero lo m\u00e1s celebrado fue el recibimiento de pescadores, quienes abrieron sus puertas y corazones [&hellip;]<\/p>\n","protected":false},"author":2,"featured_media":29420,"comment_status":"open","ping_status":"open","sticky":false,"template":"","format":"standard","meta":{"footnotes":""},"categories":[56],"tags":[],"class_list":["post-29418","post","type-post","status-publish","format-standard","has-post-thumbnail","hentry","category-locales"],"_links":{"self":[{"href":"https:\/\/radiosurfm.com\/web\/wp-json\/wp\/v2\/posts\/29418","targetHints":{"allow":["GET"]}}],"collection":[{"href":"https:\/\/radiosurfm.com\/web\/wp-json\/wp\/v2\/posts"}],"about":[{"href":"https:\/\/radiosurfm.com\/web\/wp-json\/wp\/v2\/types\/post"}],"author":[{"embeddable":true,"href":"https:\/\/radiosurfm.com\/web\/wp-json\/wp\/v2\/users\/2"}],"replies":[{"embeddable":true,"href":"https:\/\/radiosurfm.com\/web\/wp-json\/wp\/v2\/comments?post=29418"}],"version-history":[{"count":0,"href":"https:\/\/radiosurfm.com\/web\/wp-json\/wp\/v2\/posts\/29418\/revisions"}],"wp:featuredmedia":[{"embeddable":true,"href":"https:\/\/radiosurfm.com\/web\/wp-json\/wp\/v2\/media\/29420"}],"wp:attachment":[{"href":"https:\/\/radiosurfm.com\/web\/wp-json\/wp\/v2\/media?parent=29418"}],"wp:term":[{"taxonomy":"category","embeddable":true,"href":"https:\/\/radiosurfm.com\/web\/wp-json\/wp\/v2\/categories?post=29418"},{"taxonomy":"post_tag","embeddable":true,"href":"https:\/\/radiosurfm.com\/web\/wp-json\/wp\/v2\/tags?post=29418"}],"curies":[{"name":"wp","href":"https:\/\/api.w.org\/{rel}","templated":true}]}}