{"id":29422,"date":"2025-03-06T14:28:38","date_gmt":"2025-03-06T17:28:38","guid":{"rendered":"https:\/\/radiosurfm.com\/web\/?p=29422"},"modified":"2025-03-06T14:28:38","modified_gmt":"2025-03-06T17:28:38","slug":"marcelo-gallardo-tras-la-derrota-en-la-supercopa-internacional-este-inicio-de-ano-es-inesperado","status":"publish","type":"post","link":"https:\/\/radiosurfm.com\/web\/2025\/03\/06\/marcelo-gallardo-tras-la-derrota-en-la-supercopa-internacional-este-inicio-de-ano-es-inesperado\/","title":{"rendered":"Marcelo Gallardo, tras la derrota en la Supercopa Internacional: \u201cEste inicio de a\u00f1o es inesperado&#8221;"},"content":{"rendered":"<p>Adem\u00e1s, Gallardo remarc\u00f3 que en la final su equipo se encontr\u00f3 con tres obst\u00e1culos: \u201cel rival, el clima y nosotros mismos\u201d.<\/p>\n<p>El experimentado entrenador, que no est\u00e1 pasando por un buen momento en el \u201cMillonario\u201d, perdi\u00f3 la final de la mencionada Supercopa en los penales, tras 120 minutos de juego en los que se vio a un River corto de ideas y sin llegadas de mucho peligro.<\/p>\n<p>En las declaraciones ante la prensa, Gallardo no dud\u00f3 en mostrar su lado autocr\u00edtico y asumi\u00f3 la responsabilidad por el mal momento de sus dirigidos, aunque conf\u00eda que \u201ccon trabajo e insistencia\u201d podr\u00e1 mejorar la actualidad del club.<\/p>\n<p>El DT destac\u00f3 que no se debe \u201cmachacar\u201d juzgando solo los resultados o rendimientos negativos, aprovechando para destacar que su equipo \u201chace bien una parte del trabajo\u201d, ya que no recibe muchos goles ni sufre demasiado en la faceta defensiva.<\/p>\n<p>Sobre los resultados adversos que viene enfrentando en su segundo ciclo al mando del \u201cMillonario\u201d el director t\u00e9cnico de 49 a\u00f1os puso pa\u00f1os fr\u00edos, al comentar que \u201ces demasiado prematuro para generarse dudas\u201d aunque tambi\u00e9n declar\u00f3 que necesitan \u201chacerse cargo y resolver situaciones con otra preponderancia\u201d, buscando tener \u201cpersonalidad para reponerse de este mal arranque\u201d.<\/p>\n<p>Apelando a sus 14 a\u00f1os de experiencia como DT, el \u201cMu\u00f1eco\u201d coment\u00f3 que \u201cno es nada que desconozca\u201d el hecho de pasar momentos adversos al mando de una instituci\u00f3n, admitiendo que \u201csi hay que cambiar hay que cambiar\u201d ya que nunca fue r\u00edgido en cuanto a sus sistemas y modos de juego.<\/p>\n<p>A pesar de esto, el entrenador no dej\u00f3 de remarcar las cuestiones que formaron un sello de River durante su primer ciclo, donde valor\u00f3 el concepto de \u201cser un equipo agresivo y que imponga las condiciones del partido\u201d.<\/p>\n<p>Gallardo cerr\u00f3 la conferencia de prensa adjudic\u00e1ndose la \u201cresponsabilidad de ser autocr\u00edtico y exigente\u201d en una situaci\u00f3n que \u201cclaramente es incomoda\u201d, pero recalc\u00f3 que conf\u00eda en volver a darle al hincha de River la representatividad que merece.<\/p>\n","protected":false},"excerpt":{"rendered":"<p>Adem\u00e1s, Gallardo remarc\u00f3 que en la final su equipo se encontr\u00f3 con tres obst\u00e1culos: \u201cel rival, el clima y nosotros mismos\u201d. El experimentado entrenador, que no est\u00e1 pasando por un buen momento en el \u201cMillonario\u201d, perdi\u00f3 la final de la mencionada Supercopa en los penales, tras 120 minutos de juego en los que se vio [&hellip;]<\/p>\n","protected":false},"author":2,"featured_media":29423,"comment_status":"open","ping_status":"open","sticky":false,"template":"","format":"standard","meta":{"footnotes":""},"categories":[83,64],"tags":[],"class_list":["post-29422","post","type-post","status-publish","format-standard","has-post-thumbnail","hentry","category-deporte","category-nacionales"],"_links":{"self":[{"href":"https:\/\/radiosurfm.com\/web\/wp-json\/wp\/v2\/posts\/29422","targetHints":{"allow":["GET"]}}],"collection":[{"href":"https:\/\/radiosurfm.com\/web\/wp-json\/wp\/v2\/posts"}],"about":[{"href":"https:\/\/radiosurfm.com\/web\/wp-json\/wp\/v2\/types\/post"}],"author":[{"embeddable":true,"href":"https:\/\/radiosurfm.com\/web\/wp-json\/wp\/v2\/users\/2"}],"replies":[{"embeddable":true,"href":"https:\/\/radiosurfm.com\/web\/wp-json\/wp\/v2\/comments?post=29422"}],"version-history":[{"count":0,"href":"https:\/\/radiosurfm.com\/web\/wp-json\/wp\/v2\/posts\/29422\/revisions"}],"wp:featuredmedia":[{"embeddable":true,"href":"https:\/\/radiosurfm.com\/web\/wp-json\/wp\/v2\/media\/29423"}],"wp:attachment":[{"href":"https:\/\/radiosurfm.com\/web\/wp-json\/wp\/v2\/media?parent=29422"}],"wp:term":[{"taxonomy":"category","embeddable":true,"href":"https:\/\/radiosurfm.com\/web\/wp-json\/wp\/v2\/categories?post=29422"},{"taxonomy":"post_tag","embeddable":true,"href":"https:\/\/radiosurfm.com\/web\/wp-json\/wp\/v2\/tags?post=29422"}],"curies":[{"name":"wp","href":"https:\/\/api.w.org\/{rel}","templated":true}]}}