{"id":29594,"date":"2025-03-17T12:15:54","date_gmt":"2025-03-17T15:15:54","guid":{"rendered":"https:\/\/radiosurfm.com\/web\/?p=29594"},"modified":"2025-03-17T12:15:54","modified_gmt":"2025-03-17T15:15:54","slug":"este-miercoles-se-reune-en-sesion-ordinaria-el-hcd-de-goya","status":"publish","type":"post","link":"https:\/\/radiosurfm.com\/web\/2025\/03\/17\/este-miercoles-se-reune-en-sesion-ordinaria-el-hcd-de-goya\/","title":{"rendered":"Este mi\u00e9rcoles se re\u00fane en Sesi\u00f3n Ordinaria el HCD de Goya"},"content":{"rendered":"<p>Desde la hora 10,00 de este mi\u00e9rcoles 19 de marzo, los concejales de Goya concretar\u00e1n la 2\u00b0 Sesi\u00f3n Ordinaria de 2025, destac\u00e1ndose en la convocatoria los proyectos autorizando la firma de convenios entre la comuna y la provincia; y la creaci\u00f3n de cuenta \u2013 plan de cuentas del Presupuesto 2024.<\/p>\n<div>Esta sesi\u00f3n ordinaria ser\u00e1 presidida por el titular del cuerpo y Viceintendente Municipal Pedro Cassani (hijo), y los ediles se abocar\u00e1n al tratamiento del siguiente Orden del D\u00eda.<\/div>\n<div><\/div>\n<div>1\u00b0.\u00a0 Lectura y consideraci\u00f3n de las Actas N\u00b0 1.296.<\/div>\n<div><\/div>\n<div>2\u00ba. Comunicaciones oficiales \u2013 Despachos de Comisiones ingresados \u2013 Notas particulares recibidas.<\/div>\n<div><\/div>\n<div>3\u00ba.\u00a0 Proyectos presentados en Secretar\u00eda.<\/div>\n<div><\/div>\n<div>4\u00b0. Proyecto de Ordenanza c\/ desp. de comisi\u00f3n s\/\u201dAutorizar convenios entre el Estado Provincial y la Municipalidad de Goya\u201d.<\/div>\n<div><\/div>\n<div>5\u00b0 Proyecto de Resoluci\u00f3n c\/ desp. de comisi\u00f3n s\/\u201d Creaci\u00f3n de cuenta \u2013Plan de cuentas del Presupuesto 2024.<\/div>\n<div><\/div>\n<div>6\u00ba.\u00a0 Proyecto de Resoluci\u00f3n c\/ desp. de Comisi\u00f3n Archivando el Expediente N\u00b0 3.400\/24 (P.O s\/ incorporaci\u00f3n presupuestaria de fondos provinciales con afectaci\u00f3n especifica por la suma de $ 600.000);\u00a0 Expediente N\u00b0 3.408\/24 (P.O. s\/ Incorporaci\u00f3n presupuestaria de fondos Provinciales con afectaci\u00f3n especifica por la suma de $ 50.000.000) y Expediente N\u00b03.410 ( Res. Del DEM s\/ Incorporaciones presupuestarias de fondos provinciales con afectaciones especificas).<\/div>\n<div>Libre uso de la palabra.<\/div>\n","protected":false},"excerpt":{"rendered":"<p>Desde la hora 10,00 de este mi\u00e9rcoles 19 de marzo, los concejales de Goya concretar\u00e1n la 2\u00b0 Sesi\u00f3n Ordinaria de 2025, destac\u00e1ndose en la convocatoria los proyectos autorizando la firma de convenios entre la comuna y la provincia; y la creaci\u00f3n de cuenta \u2013 plan de cuentas del Presupuesto 2024. Esta sesi\u00f3n ordinaria ser\u00e1 presidida [&hellip;]<\/p>\n","protected":false},"author":2,"featured_media":29595,"comment_status":"open","ping_status":"open","sticky":false,"template":"","format":"standard","meta":{"footnotes":""},"categories":[56],"tags":[],"class_list":["post-29594","post","type-post","status-publish","format-standard","has-post-thumbnail","hentry","category-locales"],"_links":{"self":[{"href":"https:\/\/radiosurfm.com\/web\/wp-json\/wp\/v2\/posts\/29594","targetHints":{"allow":["GET"]}}],"collection":[{"href":"https:\/\/radiosurfm.com\/web\/wp-json\/wp\/v2\/posts"}],"about":[{"href":"https:\/\/radiosurfm.com\/web\/wp-json\/wp\/v2\/types\/post"}],"author":[{"embeddable":true,"href":"https:\/\/radiosurfm.com\/web\/wp-json\/wp\/v2\/users\/2"}],"replies":[{"embeddable":true,"href":"https:\/\/radiosurfm.com\/web\/wp-json\/wp\/v2\/comments?post=29594"}],"version-history":[{"count":0,"href":"https:\/\/radiosurfm.com\/web\/wp-json\/wp\/v2\/posts\/29594\/revisions"}],"wp:featuredmedia":[{"embeddable":true,"href":"https:\/\/radiosurfm.com\/web\/wp-json\/wp\/v2\/media\/29595"}],"wp:attachment":[{"href":"https:\/\/radiosurfm.com\/web\/wp-json\/wp\/v2\/media?parent=29594"}],"wp:term":[{"taxonomy":"category","embeddable":true,"href":"https:\/\/radiosurfm.com\/web\/wp-json\/wp\/v2\/categories?post=29594"},{"taxonomy":"post_tag","embeddable":true,"href":"https:\/\/radiosurfm.com\/web\/wp-json\/wp\/v2\/tags?post=29594"}],"curies":[{"name":"wp","href":"https:\/\/api.w.org\/{rel}","templated":true}]}}