{"id":29729,"date":"2025-04-03T13:50:59","date_gmt":"2025-04-03T16:50:59","guid":{"rendered":"https:\/\/radiosurfm.com\/web\/?p=29729"},"modified":"2025-04-03T13:50:59","modified_gmt":"2025-04-03T16:50:59","slug":"ratones-paranoicos-se-presentara-en-la-apertura-de-la-fiesta-nacional-del-surubi","status":"publish","type":"post","link":"https:\/\/radiosurfm.com\/web\/2025\/04\/03\/ratones-paranoicos-se-presentara-en-la-apertura-de-la-fiesta-nacional-del-surubi\/","title":{"rendered":"Ratones Paranoicos se presentar\u00e1 en la apertura de la Fiesta Nacional del Surub\u00ed"},"content":{"rendered":"<p>El mi\u00e9rcoles 30, el escenario mayor Juan Melero se encender\u00e1 con los cl\u00e1sicos fuegos artificiales y el fervor del himno de la fiesta, &#8220;La Canci\u00f3n del Surub\u00ed&#8221; de &#8220;Coqui&#8221; Correa. Este momento es especialmente significativo para los goyanos, ya que representa un s\u00edmbolo de uni\u00f3n y orgullo para toda la comunidad goyana.<\/p>\n<p>El cierre de esta noche esperada y memorable estar\u00e1 a cargo de Los Ratones Paranoicos, una de las hist\u00f3ricas bandas del rock argentino, ofrecer\u00e1n un espect\u00e1culo inolvidable. Con su caracter\u00edstico estilo, que fusiona el rock and roll y blues, har\u00e1 cantar todos sus cl\u00e1sicos en un concierto que promete ser so\u00f1ado.<\/p>\n","protected":false},"excerpt":{"rendered":"<p>El mi\u00e9rcoles 30, el escenario mayor Juan Melero se encender\u00e1 con los cl\u00e1sicos fuegos artificiales y el fervor del himno de la fiesta, &#8220;La Canci\u00f3n del Surub\u00ed&#8221; de &#8220;Coqui&#8221; Correa. Este momento es especialmente significativo para los goyanos, ya que representa un s\u00edmbolo de uni\u00f3n y orgullo para toda la comunidad goyana. El cierre de [&hellip;]<\/p>\n","protected":false},"author":2,"featured_media":29730,"comment_status":"open","ping_status":"open","sticky":false,"template":"","format":"standard","meta":{"footnotes":""},"categories":[67,56],"tags":[],"class_list":["post-29729","post","type-post","status-publish","format-standard","has-post-thumbnail","hentry","category-cultura","category-locales"],"_links":{"self":[{"href":"https:\/\/radiosurfm.com\/web\/wp-json\/wp\/v2\/posts\/29729","targetHints":{"allow":["GET"]}}],"collection":[{"href":"https:\/\/radiosurfm.com\/web\/wp-json\/wp\/v2\/posts"}],"about":[{"href":"https:\/\/radiosurfm.com\/web\/wp-json\/wp\/v2\/types\/post"}],"author":[{"embeddable":true,"href":"https:\/\/radiosurfm.com\/web\/wp-json\/wp\/v2\/users\/2"}],"replies":[{"embeddable":true,"href":"https:\/\/radiosurfm.com\/web\/wp-json\/wp\/v2\/comments?post=29729"}],"version-history":[{"count":0,"href":"https:\/\/radiosurfm.com\/web\/wp-json\/wp\/v2\/posts\/29729\/revisions"}],"wp:featuredmedia":[{"embeddable":true,"href":"https:\/\/radiosurfm.com\/web\/wp-json\/wp\/v2\/media\/29730"}],"wp:attachment":[{"href":"https:\/\/radiosurfm.com\/web\/wp-json\/wp\/v2\/media?parent=29729"}],"wp:term":[{"taxonomy":"category","embeddable":true,"href":"https:\/\/radiosurfm.com\/web\/wp-json\/wp\/v2\/categories?post=29729"},{"taxonomy":"post_tag","embeddable":true,"href":"https:\/\/radiosurfm.com\/web\/wp-json\/wp\/v2\/tags?post=29729"}],"curies":[{"name":"wp","href":"https:\/\/api.w.org\/{rel}","templated":true}]}}