{"id":29732,"date":"2025-04-03T13:57:20","date_gmt":"2025-04-03T16:57:20","guid":{"rendered":"https:\/\/radiosurfm.com\/web\/?p=29732"},"modified":"2025-04-03T13:57:20","modified_gmt":"2025-04-03T16:57:20","slug":"los-5-datos-que-no-conocias-sobre-la-fundacion-de-corrientes","status":"publish","type":"post","link":"https:\/\/radiosurfm.com\/web\/2025\/04\/03\/los-5-datos-que-no-conocias-sobre-la-fundacion-de-corrientes\/","title":{"rendered":"Los 5 datos que no conoc\u00edas sobre la fundaci\u00f3n de Corrientes"},"content":{"rendered":"<p>Si bien, Corrientes se caracteriza por ser una de las ciudades m\u00e1s antiguas del pa\u00eds, tambi\u00e9n registra un sinn\u00famero de historias y mitos fallidos acerca de su fundaci\u00f3n. El origen de su creaci\u00f3n estuvo caracterizado por varias disputas entre los pueblos originarios que se asentaron en la provincia y la llegada de los espa\u00f1oles.<br \/>\nAunque, la mayor\u00eda conoce cu\u00e1l fue su fecha oficial de fundaci\u00f3n, muy pocos saben de\u00a0la serie de dificultades\u00a0que tuvo que atravesar con otras provincias y las fuertes influencias internas con las comunidades ind\u00edgenas hasta llegar definir una fecha. A continuaci\u00f3n, te contamos cinco datos interesantes sobre los primeros a\u00f1os de la ciudad:<\/p>\n<p><strong>Corrientes fue fundada dos veces, pero una fecha qued\u00f3 establecida.<\/strong><br \/>\nLa fundaci\u00f3n oficial de Corrientes se dio el 3 de abril de 1588 por Juan Torres de Vera y Arag\u00f3n, pero antes de este hecho hubo un intento fallido en 1585 . En su primer intento, el fundador dej\u00f3 una guarnici\u00f3n en la zona, pero los constantes ataques ind\u00edgenas y la falta de recursos, obligaron a retrasar la consolidaci\u00f3n del asentamiento.<\/p>\n<p><strong>El nombre original no era el que conocemos ahora<\/strong><br \/>\nSe llamaba &#8220;Ciudad de Vera de las Siete Corrientes&#8221;, en honor al fundador y a las siete corrientes de agua que se formaban en el r\u00edo Paran\u00e1 debido a los accidentes geogr\u00e1ficos en la costa, lo que le daba una caracter\u00edstica \u00fanica al lugar.<\/p>\n<p><strong>Hab\u00eda m\u00e1s habitantes portugueses que espa\u00f1oles<\/strong><br \/>\nAunque Corrientes fue fundada bajo dominio espa\u00f1ol, la mayor\u00eda de sus primeros pobladores eran portugueses, guaran\u00edes y mestizos, llegados desde Asunci\u00f3n y otras zonas cercanas. Esta mezcla cultural dej\u00f3 una huella profunda en la ciudad, que se refleja en sus relaciones con los jesuitas y las comunidades ind\u00edgenas.<\/p>\n<p><strong>La rivalidad con Santa Fe casi impide su consolidaci\u00f3n<\/strong><br \/>\nDesde sus primeros d\u00edas, Corrientes tuvo que lidiar con la rivalidad de Santa Fe, que ya dominaba el comercio fluvial en el r\u00edo Paran\u00e1. Santa Fe ve\u00eda con recelo el nacimiento de un nuevo asentamiento aguas arriba, lo que gener\u00f3 conflictos durante a\u00f1os. Finalmente, Corrientes logr\u00f3 consolidarse como un puerto clave de la regi\u00f3n.<\/p>\n<p><strong>Los guaran\u00edes fueron claves en su supervivencia<\/strong><br \/>\nLos pueblos guaran\u00edes jugaron un papel fundamental en los primeros a\u00f1os de vida de la ciudad. Adem\u00e1s de ense\u00f1ar a los colonizadores t\u00e9cnicas de cultivo, caza y pesca, defendieron la ciudad de ataques hostiles. Muchos de los primeros habitantes de Corrientes ten\u00edan ascendencia guaran\u00ed, lo que perdura hasta hoy en su lengua y cultura.<\/p>\n<div class=\"container-spot\" data-tipo=\"tipo_todo\" data-pos=\"NEW_P4_cuerpo\"><\/div>\n<p>Estos datos nos revelan que la historia de Corrientes es un relato lleno de conflictos, mitos y alianzas que a\u00fan hoy siguen moldeando su identidad.<\/p>\n<p>&nbsp;<\/p>\n","protected":false},"excerpt":{"rendered":"<p>Si bien, Corrientes se caracteriza por ser una de las ciudades m\u00e1s antiguas del pa\u00eds, tambi\u00e9n registra un sinn\u00famero de historias y mitos fallidos acerca de su fundaci\u00f3n. El origen de su creaci\u00f3n estuvo caracterizado por varias disputas entre los pueblos originarios que se asentaron en la provincia y la llegada de los espa\u00f1oles. Aunque, [&hellip;]<\/p>\n","protected":false},"author":2,"featured_media":29733,"comment_status":"open","ping_status":"open","sticky":false,"template":"","format":"standard","meta":{"footnotes":""},"categories":[72],"tags":[],"class_list":["post-29732","post","type-post","status-publish","format-standard","has-post-thumbnail","hentry","category-provinciales"],"_links":{"self":[{"href":"https:\/\/radiosurfm.com\/web\/wp-json\/wp\/v2\/posts\/29732","targetHints":{"allow":["GET"]}}],"collection":[{"href":"https:\/\/radiosurfm.com\/web\/wp-json\/wp\/v2\/posts"}],"about":[{"href":"https:\/\/radiosurfm.com\/web\/wp-json\/wp\/v2\/types\/post"}],"author":[{"embeddable":true,"href":"https:\/\/radiosurfm.com\/web\/wp-json\/wp\/v2\/users\/2"}],"replies":[{"embeddable":true,"href":"https:\/\/radiosurfm.com\/web\/wp-json\/wp\/v2\/comments?post=29732"}],"version-history":[{"count":0,"href":"https:\/\/radiosurfm.com\/web\/wp-json\/wp\/v2\/posts\/29732\/revisions"}],"wp:featuredmedia":[{"embeddable":true,"href":"https:\/\/radiosurfm.com\/web\/wp-json\/wp\/v2\/media\/29733"}],"wp:attachment":[{"href":"https:\/\/radiosurfm.com\/web\/wp-json\/wp\/v2\/media?parent=29732"}],"wp:term":[{"taxonomy":"category","embeddable":true,"href":"https:\/\/radiosurfm.com\/web\/wp-json\/wp\/v2\/categories?post=29732"},{"taxonomy":"post_tag","embeddable":true,"href":"https:\/\/radiosurfm.com\/web\/wp-json\/wp\/v2\/tags?post=29732"}],"curies":[{"name":"wp","href":"https:\/\/api.w.org\/{rel}","templated":true}]}}