{"id":29769,"date":"2025-04-05T16:12:20","date_gmt":"2025-04-05T19:12:20","guid":{"rendered":"https:\/\/radiosurfm.com\/web\/?p=29769"},"modified":"2025-04-05T16:12:20","modified_gmt":"2025-04-05T19:12:20","slug":"trasladan-a-una-carcel-de-corrientes-a-leonardo-cositorto-lider-de-generacion-zoe","status":"publish","type":"post","link":"https:\/\/radiosurfm.com\/web\/2025\/04\/05\/trasladan-a-una-carcel-de-corrientes-a-leonardo-cositorto-lider-de-generacion-zoe\/","title":{"rendered":"Trasladan a una c\u00e1rcel de Corrientes a Leonardo Cositorto l\u00edder de Generaci\u00f3n Zoe"},"content":{"rendered":"<p>Cabe se\u00f1alar que el 25 de febrero \u00faltimo, el l\u00edder de Generaci\u00f3n Zoe fue condenado a 12 a\u00f1os de prisi\u00f3n por asociaci\u00f3n il\u00edcita y estafa continuada. El Tribunal de Goya, adem\u00e1s de Cositorto, sentenci\u00f3 a penas de 8 a\u00f1os de c\u00e1rcel a Maximiliano Javier Batista, Lucas Dami\u00e1n Camelino y Miguel \u00c1ngel Echegaray, quienes tambi\u00e9n fueron hallados culpables como coautores del fraude.<\/p>\n<p>El subsecretario de Gobierno, Luis Bravo dijo a El Litoral que &#8220;hab\u00eda una versi\u00f3n circulando de que el Servicio Penitenciario no ten\u00eda medios para trasladarlo a Cositorto a Corrientes. Quiero aclarar que eso es totalmente falso&#8221;, remarc\u00f3 el funcionario en contacto con el diario El Litoral.<\/p>\n<p>A\u00f1adi\u00f3 adem\u00e1s que &#8220;por decisi\u00f3n del ministro -de Seguridad Alfredo Vallejos- y el jefe del Servicio Penitenciario -inspector general Guillermo Andr\u00e9s Sotelo- se tomaron todos los recaudos para que ma\u00f1ana -s\u00e1bado- Cositorto sea trasladado desde la unidad carcelaria de Goya a la Unidad Penal N\u00b0 6 de San Cayetano&#8221;.<\/p>\n<p>Con respecto a las versiones que aduc\u00edan falta de medios, consider\u00f3 que &#8220;fueron mal interpretadas&#8221; y opin\u00f3 que \u201cdetr\u00e1s de eso hubo una mano negra&#8221;.<\/p>\n<p>Remarc\u00f3 que &#8220;es una versi\u00f3n no fundada, no tiene la entidad la veracidad ni la certeza&#8221;, puntualiz\u00f3.<\/p>\n<p>Con respecto al traslado de Cositorto dijo que &#8220;va a ser tra\u00eddo a la ciudad Capital por orden de la Justicia, se han tomado todos los recaudos conforme a lo que establecen los patrones y los c\u00f3digos de traslado\u201d.<\/p>\n<p>Quedar\u00e1 alojado en una c\u00e1rcel de procesados ya que la condena del Tribunal de Goya fue apelada, indic\u00f3.<\/p>\n<p>\u201cDesde el Servicio Penitenciario hab\u00edan solicitado un lapso de tiempo antes de que se concrete el traslado para preparar un \u00e1mbito adecuado para el alojamiento de Cositorto, es decir, que no est\u00e9 con tantos internos, siempre en resguardo de la seguridad&#8221;, destac\u00f3.<br \/>\nCabe se\u00f1alar que Leonardo Cositorto para la Justicia, qued\u00f3 enfrascado como \u201cide\u00f3logo, creador y fundador\u201d del esquema, que se presentaba como una oportunidad de inversi\u00f3n con rendimientos extraordinarios. Seg\u00fan argumentaron, las promesas de altos intereses mensuales y la modalidad del negocio ten\u00edan caracter\u00edsticas t\u00edpicas de un esquema piramidal, en el que los beneficios a los inversores m\u00e1s antiguos depend\u00edan de la constante incorporaci\u00f3n de nuevos miembros.<\/p>\n<p>Para entender c\u00f3mo funcionaba el esquema, la Justicia precis\u00f3 los detalles operativos del fraude, destacando el proceso de captaci\u00f3n de dinero y las condiciones en las que se realizaban las inversiones.<\/p>\n","protected":false},"excerpt":{"rendered":"<p>Cabe se\u00f1alar que el 25 de febrero \u00faltimo, el l\u00edder de Generaci\u00f3n Zoe fue condenado a 12 a\u00f1os de prisi\u00f3n por asociaci\u00f3n il\u00edcita y estafa continuada. El Tribunal de Goya, adem\u00e1s de Cositorto, sentenci\u00f3 a penas de 8 a\u00f1os de c\u00e1rcel a Maximiliano Javier Batista, Lucas Dami\u00e1n Camelino y Miguel \u00c1ngel Echegaray, quienes tambi\u00e9n fueron [&hellip;]<\/p>\n","protected":false},"author":2,"featured_media":29770,"comment_status":"open","ping_status":"open","sticky":false,"template":"","format":"standard","meta":{"footnotes":""},"categories":[56,68],"tags":[],"class_list":["post-29769","post","type-post","status-publish","format-standard","has-post-thumbnail","hentry","category-locales","category-policiales-nacionales"],"_links":{"self":[{"href":"https:\/\/radiosurfm.com\/web\/wp-json\/wp\/v2\/posts\/29769","targetHints":{"allow":["GET"]}}],"collection":[{"href":"https:\/\/radiosurfm.com\/web\/wp-json\/wp\/v2\/posts"}],"about":[{"href":"https:\/\/radiosurfm.com\/web\/wp-json\/wp\/v2\/types\/post"}],"author":[{"embeddable":true,"href":"https:\/\/radiosurfm.com\/web\/wp-json\/wp\/v2\/users\/2"}],"replies":[{"embeddable":true,"href":"https:\/\/radiosurfm.com\/web\/wp-json\/wp\/v2\/comments?post=29769"}],"version-history":[{"count":0,"href":"https:\/\/radiosurfm.com\/web\/wp-json\/wp\/v2\/posts\/29769\/revisions"}],"wp:featuredmedia":[{"embeddable":true,"href":"https:\/\/radiosurfm.com\/web\/wp-json\/wp\/v2\/media\/29770"}],"wp:attachment":[{"href":"https:\/\/radiosurfm.com\/web\/wp-json\/wp\/v2\/media?parent=29769"}],"wp:term":[{"taxonomy":"category","embeddable":true,"href":"https:\/\/radiosurfm.com\/web\/wp-json\/wp\/v2\/categories?post=29769"},{"taxonomy":"post_tag","embeddable":true,"href":"https:\/\/radiosurfm.com\/web\/wp-json\/wp\/v2\/tags?post=29769"}],"curies":[{"name":"wp","href":"https:\/\/api.w.org\/{rel}","templated":true}]}}