{"id":29814,"date":"2025-04-07T14:01:11","date_gmt":"2025-04-07T17:01:11","guid":{"rendered":"https:\/\/radiosurfm.com\/web\/?p=29814"},"modified":"2025-04-07T14:01:11","modified_gmt":"2025-04-07T17:01:11","slug":"encuentro-entre-cassani-y-camau-fue-una-reunion-para-empezar-a-construir","status":"publish","type":"post","link":"https:\/\/radiosurfm.com\/web\/2025\/04\/07\/encuentro-entre-cassani-y-camau-fue-una-reunion-para-empezar-a-construir\/","title":{"rendered":"Encuentro entre Cassani y Camau: &#8220;Fue una reuni\u00f3n para empezar a construir&#8221;"},"content":{"rendered":"<p>Representantes de distintas fuerzas pol\u00edticas de Corrientes participaron este lunes de un encuentro en un reconocido hotel de la capital provincial.<\/p>\n<p>Del encuentro fueron parte\u00a0<strong>Pedro Cassani, Carlos Camau Esp\u00ednola, Jos\u00e9 Romero Brisco<\/strong>, entre otros.<\/p>\n<p>El ex medallista sostuvo que la reuni\u00f3n sirvi\u00f3 para &#8220;pensar en un Estado eficiente y con inversiones para generar m\u00e1s puestos de trabajo&#8221;.<\/p>\n<p><strong>&#8220;Fue una reuni\u00f3n para empezar a construir, las candidaturas se ver\u00e1n m\u00e1s adelante&#8221;<\/strong>, agreg\u00f3 en declaraciones al programa Corrientes en el aire, conducido por Mar\u00eda Mercedes V\u00e1zquez.<\/p>\n<p>Seg\u00fan Camau, pudieron debatir\u00a0&#8220;sobre mejorar nuestra provincia, en la salud, educaci\u00f3n, seguridad&#8221;.<\/p>\n<p>Consultado sobre si\u00a0<strong>Ricardo Colombi<\/strong>\u00a0hab\u00eda sido invitado, el legislador nacional sostuvo que &#8220;no&#8221;.<\/p>\n<p><strong>ENCUENTRO<\/strong><\/p>\n<p>Posteriormente, en un comunicado emitido por los participantes del encuentro, se\u00f1alaron que &#8220;el foco estuvo puesto en las demandas concretas de la ciudadan\u00eda, dejando de lado debates sobre candidaturas o frentes electorales, para priorizar la construcci\u00f3n de propuestas frente a los problemas reales que atraviesa Corrientes\u201d, se inform\u00f3.<\/p>\n<p>Se abordaron temas que impactan directamente en la vida cotidiana: \u201cLas deficiencias del sistema energ\u00e9tico, el mal estado de rutas y caminos rurales, la falta de inversi\u00f3n sostenida en salud, educaci\u00f3n, viviendas y la creciente preocupaci\u00f3n por la inseguridad en las distintas localidades y la necesidad de repensar el esquema fiscal provincial para avanzar hacia un Estado m\u00e1s austero, eficiente y cercano a la gente\u201d.<\/p>\n<div class=\"container-spot\" data-tipo=\"tipo_todo\" data-pos=\"NEW_P5_cuerpo\"><\/div>\n<p>\u201cEn tiempos de profundas transformaciones, la pol\u00edtica debe estar a la altura y actuar con responsabilidad frente a las demandas sociales\u201d, sostuvieron.<\/p>\n<p><strong>\u201cEste primer encuentro representa el inicio de un proceso de di\u00e1logo entre actores pol\u00edticos<\/strong>\u00a0que, m\u00e1s all\u00e1 de sus trayectorias o pertenencias partidarias, comparten la preocupaci\u00f3n por el presente y futuro de Corrientes y la necesidad de pensar colectivamente propuestas que est\u00e9n a la altura de las circunstancias\u201d, afirmaron.<\/p>\n<div class=\"container-spot\" data-tipo=\"tipo_todo\" data-pos=\"NEW_P6_cuerpo\"><\/div>\n<p>Como primer paso, se acord\u00f3 que los\u00a0<strong>equipos t\u00e9cnicos de cada fuerza comenzar\u00e1n a intercambiar informaci\u00f3n y perspectivas<\/strong>, con el objetivo de continuar analizando en profundidad las problem\u00e1ticas tratadas y aportar miradas propositivas desde distintos enfoques.<\/p>\n<p>\u201cEste espacio de trabajo conjunto busca consolidarse como un aporte real al debate p\u00fablico, con vocaci\u00f3n de construir una Corrientes mejor, m\u00e1s justa y con oportunidades para todos. Una provincia pensada desde el presente, pero proyectada con determinaci\u00f3n y compromiso hacia el futuro\u201d, concluye el comunicado emitido.<\/p>\n<div class=\"container-spot\" data-tipo=\"tipo_todo\" data-pos=\"NEW_P7_cuerpo\"><\/div>\n<p>Estuvieron presentes:\u00a0<strong>Perucho Cassani, Camau Esp\u00ednola, Any Pereyra, Jos\u00e9 Romero Brisco, Emiliano Fern\u00e1ndez, An\u00edbal Godoy (h), Marcelo Cha\u00edn, Juan Gabriel Noya, Flavio Serra, Dami\u00e1n Garavano, Federico Tournier, Luc\u00eda Centuri\u00f3n, Horacio Pozo, Ana Am\u00e9ndola, Elvira Miranda, entre otros.<\/strong><\/p>\n","protected":false},"excerpt":{"rendered":"<p>Representantes de distintas fuerzas pol\u00edticas de Corrientes participaron este lunes de un encuentro en un reconocido hotel de la capital provincial. Del encuentro fueron parte\u00a0Pedro Cassani, Carlos Camau Esp\u00ednola, Jos\u00e9 Romero Brisco, entre otros. El ex medallista sostuvo que la reuni\u00f3n sirvi\u00f3 para &#8220;pensar en un Estado eficiente y con inversiones para generar m\u00e1s puestos [&hellip;]<\/p>\n","protected":false},"author":2,"featured_media":29815,"comment_status":"open","ping_status":"open","sticky":false,"template":"","format":"standard","meta":{"footnotes":""},"categories":[66,72],"tags":[],"class_list":["post-29814","post","type-post","status-publish","format-standard","has-post-thumbnail","hentry","category-politica-nacionales","category-provinciales"],"_links":{"self":[{"href":"https:\/\/radiosurfm.com\/web\/wp-json\/wp\/v2\/posts\/29814","targetHints":{"allow":["GET"]}}],"collection":[{"href":"https:\/\/radiosurfm.com\/web\/wp-json\/wp\/v2\/posts"}],"about":[{"href":"https:\/\/radiosurfm.com\/web\/wp-json\/wp\/v2\/types\/post"}],"author":[{"embeddable":true,"href":"https:\/\/radiosurfm.com\/web\/wp-json\/wp\/v2\/users\/2"}],"replies":[{"embeddable":true,"href":"https:\/\/radiosurfm.com\/web\/wp-json\/wp\/v2\/comments?post=29814"}],"version-history":[{"count":0,"href":"https:\/\/radiosurfm.com\/web\/wp-json\/wp\/v2\/posts\/29814\/revisions"}],"wp:featuredmedia":[{"embeddable":true,"href":"https:\/\/radiosurfm.com\/web\/wp-json\/wp\/v2\/media\/29815"}],"wp:attachment":[{"href":"https:\/\/radiosurfm.com\/web\/wp-json\/wp\/v2\/media?parent=29814"}],"wp:term":[{"taxonomy":"category","embeddable":true,"href":"https:\/\/radiosurfm.com\/web\/wp-json\/wp\/v2\/categories?post=29814"},{"taxonomy":"post_tag","embeddable":true,"href":"https:\/\/radiosurfm.com\/web\/wp-json\/wp\/v2\/tags?post=29814"}],"curies":[{"name":"wp","href":"https:\/\/api.w.org\/{rel}","templated":true}]}}