{"id":29817,"date":"2025-04-07T14:07:16","date_gmt":"2025-04-07T17:07:16","guid":{"rendered":"https:\/\/radiosurfm.com\/web\/?p=29817"},"modified":"2025-04-07T14:07:16","modified_gmt":"2025-04-07T17:07:16","slug":"manuel-garcia-mansilla-renuncio-a-la-corte-suprema","status":"publish","type":"post","link":"https:\/\/radiosurfm.com\/web\/2025\/04\/07\/manuel-garcia-mansilla-renuncio-a-la-corte-suprema\/","title":{"rendered":"Manuel Garc\u00eda-Mansilla renunci\u00f3 a la Corte Suprema"},"content":{"rendered":"<p>Jaqueado tras el\u00a0rechazo de su pliego en el Senado\u00a0y la\u00a0cautelar del juez federal Alejo Ramos Padilla\u00a0para impedirle decidir en los asuntos de la Corte Suprema,<b>\u00a0<\/b>este lunes\u00a0<b>renunci\u00f3 Manuel Garc\u00eda Mansilla<\/b>, quien hab\u00eda jurado como<b>\u00a0juez\u00a0<\/b>del m\u00e1ximo tribunal<b>\u00a0<\/b>el pasado\u00a027 de febrero en un\u00a0acto secreto, luego de ser\u00a0<b><\/b><b>designado en comisi\u00f3n<\/b>\u00a0por un decreto del presidente Javier Milei.<\/p>\n<p><b>El ahora exjuez de la Corte le envi\u00f3 su carta de renuncia a Milei.<\/b>\u00a0En ella dice que hab\u00eda aceptado el nombramiento &#8220;con la convicci\u00f3n de que la falta de integraci\u00f3n de la Corte Suprema era un grave problema institucional que requer\u00eda una soluci\u00f3n urgente&#8221;. Tambi\u00e9n\u00a0<b>intent\u00f3 justificar haber aceptado la designaci\u00f3n por decreto, pese a haberse pronunciado en contra de ese mecanismo.<\/b><\/p>\n<p>&#8220;En la audiencia p\u00fablica del 28 de agosto de 2024 en la Comisi\u00f3n de Acuerdos del Senado defend\u00ed la constitucionalidad de los nombramientos en comisi\u00f3n (&#8230;). Expliqu\u00e9 que existen numerosos antecedentes en nuestra historia constitucional y que incluso hay precedentes de nuestra Corte Suprema y del derecho comparado que tratan sobre el tema&#8221;, dice la carta.\u00a0<b>Alega que en ese momento solo respondi\u00f3 sobre &#8220;la hipot\u00e9tica situaci\u00f3n de haber sido uno de los jueces nombrados en comisi\u00f3n en 2015&#8221; y que solo respecto a eso dijo que &#8220;no habr\u00eda aceptado ese nombramiento en comisi\u00f3n&#8221;.<\/b><\/p>\n<p>&#8220;A pesar de ello, en las \u00faltimas semanas hubo quienes me acusaron directamente de haber pretendido enga\u00f1ar a los senadores presentes ese d\u00eda. Es m\u00e1s, esa fue la inveros\u00edmil excusa que utilizaron algunos senadores para pretender fundar su rechazo a mi pliego por una supuesta falta de idoneidad moral&#8221;, se victimiz\u00f3 el hombre que<b>\u00a0pas\u00f3 40 d\u00edas como juez de la Corte Suprema sin acuerdo del Senado.<\/b><\/p>\n","protected":false},"excerpt":{"rendered":"<p>Jaqueado tras el\u00a0rechazo de su pliego en el Senado\u00a0y la\u00a0cautelar del juez federal Alejo Ramos Padilla\u00a0para impedirle decidir en los asuntos de la Corte Suprema,\u00a0este lunes\u00a0renunci\u00f3 Manuel Garc\u00eda Mansilla, quien hab\u00eda jurado como\u00a0juez\u00a0del m\u00e1ximo tribunal\u00a0el pasado\u00a027 de febrero en un\u00a0acto secreto, luego de ser\u00a0designado en comisi\u00f3n\u00a0por un decreto del presidente Javier Milei. El ahora exjuez [&hellip;]<\/p>\n","protected":false},"author":2,"featured_media":29818,"comment_status":"open","ping_status":"open","sticky":false,"template":"","format":"standard","meta":{"footnotes":""},"categories":[64],"tags":[],"class_list":["post-29817","post","type-post","status-publish","format-standard","has-post-thumbnail","hentry","category-nacionales"],"_links":{"self":[{"href":"https:\/\/radiosurfm.com\/web\/wp-json\/wp\/v2\/posts\/29817","targetHints":{"allow":["GET"]}}],"collection":[{"href":"https:\/\/radiosurfm.com\/web\/wp-json\/wp\/v2\/posts"}],"about":[{"href":"https:\/\/radiosurfm.com\/web\/wp-json\/wp\/v2\/types\/post"}],"author":[{"embeddable":true,"href":"https:\/\/radiosurfm.com\/web\/wp-json\/wp\/v2\/users\/2"}],"replies":[{"embeddable":true,"href":"https:\/\/radiosurfm.com\/web\/wp-json\/wp\/v2\/comments?post=29817"}],"version-history":[{"count":0,"href":"https:\/\/radiosurfm.com\/web\/wp-json\/wp\/v2\/posts\/29817\/revisions"}],"wp:featuredmedia":[{"embeddable":true,"href":"https:\/\/radiosurfm.com\/web\/wp-json\/wp\/v2\/media\/29818"}],"wp:attachment":[{"href":"https:\/\/radiosurfm.com\/web\/wp-json\/wp\/v2\/media?parent=29817"}],"wp:term":[{"taxonomy":"category","embeddable":true,"href":"https:\/\/radiosurfm.com\/web\/wp-json\/wp\/v2\/categories?post=29817"},{"taxonomy":"post_tag","embeddable":true,"href":"https:\/\/radiosurfm.com\/web\/wp-json\/wp\/v2\/tags?post=29817"}],"curies":[{"name":"wp","href":"https:\/\/api.w.org\/{rel}","templated":true}]}}