{"id":29895,"date":"2025-04-15T13:40:43","date_gmt":"2025-04-15T16:40:43","guid":{"rendered":"https:\/\/radiosurfm.com\/web\/?p=29895"},"modified":"2025-04-15T13:40:43","modified_gmt":"2025-04-15T16:40:43","slug":"lourdes-sanchez-confirmo-la-reapertura-del-vera-con-el-acto-historico-del-9-de-julio","status":"publish","type":"post","link":"https:\/\/radiosurfm.com\/web\/2025\/04\/15\/lourdes-sanchez-confirmo-la-reapertura-del-vera-con-el-acto-historico-del-9-de-julio\/","title":{"rendered":"Lourdes S\u00e1nchez confirm\u00f3 la reapertura del Vera con el &#8220;acto hist\u00f3rico del 9 de Julio&#8221;"},"content":{"rendered":"<p>La directora general del Teatro Juan de Vera, Lourdes S\u00e1nchez, confirm\u00f3 este martes que la reapertura del edificio se har\u00e1 en consonancia con los festejos por el D\u00eda de la Independencia.<\/p>\n<p>&#8220;El acto hist\u00f3rico del 9 de Julio se hace la noche del 8&#8221;, dijo S\u00e1nchez a la redacci\u00f3n de ElLitoral.com.ar, con lo que confirma la reapertura del Teatro Vera en un evento de vigilia al D\u00eda de la Independencia.<\/p>\n<p>Sobre las varias remodelaciones que se realizan actualmente, la directora destac\u00f3 &#8220;todo el equipamiento escenot\u00e9cnico relacionado con las luces y el sonido&#8221;, y agrega que estos elementos son &#8220;de \u00faltima generaci\u00f3n, se va a poner una pantalla LED, que va a dejar un teatro con una tecnolog\u00eda casi \u00fanica en el pa\u00eds&#8221;.<\/p>\n<p>Cabe recordar que recientemente se realiz\u00f3 la segunda visita t\u00e9cnica de Sergio Manganelli, responsable de la asesor\u00eda y proyecto integral de renovaci\u00f3n del sonido y luminotecnia del teatro, la adquisici\u00f3n del equipamiento, su mantenimiento y buen uso.<\/p>\n<p>Otra de las obras que ponder\u00f3 tiene que ver con la seguridad: &#8220;El sistema contra incendios, que nunca tuvo el teatro&#8221; y agreg\u00f3 que para ello &#8220;se construy\u00f3 un tanque 46 mil litros que va abastecer s\u00f3lo el sistema contra incendios&#8221;.<\/p>\n<p>Avanzando en el tiempo y con la confirmaci\u00f3n del acto por el 9 de Julio, la directora del Vera afirm\u00f3 que &#8220;va a ser una apertura con muchos artistas locales y de renombre nacional, con diferentes expresiones art\u00edsticas: teatro, m\u00fasica, canto, baile y tecnolog\u00eda&#8221;.<\/p>\n<p>Sobre la organizaci\u00f3n del \u00a0evento Sanchez confirm\u00f3 que &#8220;lo va a llevar a cabo Mar\u00eda Laura Cattalini, core\u00f3grafa reconocida de Showmatch y de muchos espect\u00e1culos de Buenos Aires&#8221;.<\/p>\n<p>&nbsp;<\/p>\n","protected":false},"excerpt":{"rendered":"<p>La directora general del Teatro Juan de Vera, Lourdes S\u00e1nchez, confirm\u00f3 este martes que la reapertura del edificio se har\u00e1 en consonancia con los festejos por el D\u00eda de la Independencia. &#8220;El acto hist\u00f3rico del 9 de Julio se hace la noche del 8&#8221;, dijo S\u00e1nchez a la redacci\u00f3n de ElLitoral.com.ar, con lo que confirma [&hellip;]<\/p>\n","protected":false},"author":2,"featured_media":29896,"comment_status":"open","ping_status":"open","sticky":false,"template":"","format":"standard","meta":{"footnotes":""},"categories":[67,72],"tags":[],"class_list":["post-29895","post","type-post","status-publish","format-standard","has-post-thumbnail","hentry","category-cultura","category-provinciales"],"_links":{"self":[{"href":"https:\/\/radiosurfm.com\/web\/wp-json\/wp\/v2\/posts\/29895","targetHints":{"allow":["GET"]}}],"collection":[{"href":"https:\/\/radiosurfm.com\/web\/wp-json\/wp\/v2\/posts"}],"about":[{"href":"https:\/\/radiosurfm.com\/web\/wp-json\/wp\/v2\/types\/post"}],"author":[{"embeddable":true,"href":"https:\/\/radiosurfm.com\/web\/wp-json\/wp\/v2\/users\/2"}],"replies":[{"embeddable":true,"href":"https:\/\/radiosurfm.com\/web\/wp-json\/wp\/v2\/comments?post=29895"}],"version-history":[{"count":0,"href":"https:\/\/radiosurfm.com\/web\/wp-json\/wp\/v2\/posts\/29895\/revisions"}],"wp:featuredmedia":[{"embeddable":true,"href":"https:\/\/radiosurfm.com\/web\/wp-json\/wp\/v2\/media\/29896"}],"wp:attachment":[{"href":"https:\/\/radiosurfm.com\/web\/wp-json\/wp\/v2\/media?parent=29895"}],"wp:term":[{"taxonomy":"category","embeddable":true,"href":"https:\/\/radiosurfm.com\/web\/wp-json\/wp\/v2\/categories?post=29895"},{"taxonomy":"post_tag","embeddable":true,"href":"https:\/\/radiosurfm.com\/web\/wp-json\/wp\/v2\/tags?post=29895"}],"curies":[{"name":"wp","href":"https:\/\/api.w.org\/{rel}","templated":true}]}}