{"id":29898,"date":"2025-04-15T13:43:46","date_gmt":"2025-04-15T16:43:46","guid":{"rendered":"https:\/\/radiosurfm.com\/web\/?p=29898"},"modified":"2025-04-15T13:43:46","modified_gmt":"2025-04-15T16:43:46","slug":"corrientes-tendra-cuatro-ferias-provinciales-del-libro-en-diferentes-ciudades","status":"publish","type":"post","link":"https:\/\/radiosurfm.com\/web\/2025\/04\/15\/corrientes-tendra-cuatro-ferias-provinciales-del-libro-en-diferentes-ciudades\/","title":{"rendered":"Corrientes tendr\u00e1 cuatro Ferias Provinciales del Libro en diferentes ciudades"},"content":{"rendered":"<p>Corrientes tendr\u00e1 cuatro Ferias del Libro en diferentes puntos de la provincia. Lo confirm\u00f3 a Hoja de Ruta, la presidenta del Instituto de Cultura, Beatriz Kunin.<\/p>\n<p><strong>&#8220;Decidimos que vamos a hacer cuatro Ferias Provinciales del Libro. Como la feria de la Capital pero en diferentes localidades para que cada persona que quiera tenga accesibilidad a una feria&#8221;, asegur\u00f3 la funcionaria.\u00a0<\/strong><\/p>\n<p>Confirm\u00f3 que ser\u00e1 por regiones y todav\u00eda est\u00e1 por verse la ubicaci\u00f3n de cada una. &#8220;Ser\u00e1 en cabeceras para que los pobladores puedan trasladarse, pero ser\u00e1n en lugares estrat\u00e9gicos&#8221;, garantiz\u00f3. &#8220;Estamos coordinando con los intendentes&#8221;, dijo.<\/p>\n<p>&#8220;Una ser\u00e1 en el sur, otra en la costa del Uruguay, otra en el centro y as\u00ed&#8221;, se\u00f1al\u00f3. &#8220;Sabemos que a Capital hay p\u00fablico que viene pero no todas las personas pueden. Por eso llevaremos la Feria para federalizar el trabajo&#8221;, dijo.<\/p>\n","protected":false},"excerpt":{"rendered":"<p>Corrientes tendr\u00e1 cuatro Ferias del Libro en diferentes puntos de la provincia. Lo confirm\u00f3 a Hoja de Ruta, la presidenta del Instituto de Cultura, Beatriz Kunin. &#8220;Decidimos que vamos a hacer cuatro Ferias Provinciales del Libro. Como la feria de la Capital pero en diferentes localidades para que cada persona que quiera tenga accesibilidad a [&hellip;]<\/p>\n","protected":false},"author":2,"featured_media":29899,"comment_status":"open","ping_status":"open","sticky":false,"template":"","format":"standard","meta":{"footnotes":""},"categories":[67,72],"tags":[],"class_list":["post-29898","post","type-post","status-publish","format-standard","has-post-thumbnail","hentry","category-cultura","category-provinciales"],"_links":{"self":[{"href":"https:\/\/radiosurfm.com\/web\/wp-json\/wp\/v2\/posts\/29898","targetHints":{"allow":["GET"]}}],"collection":[{"href":"https:\/\/radiosurfm.com\/web\/wp-json\/wp\/v2\/posts"}],"about":[{"href":"https:\/\/radiosurfm.com\/web\/wp-json\/wp\/v2\/types\/post"}],"author":[{"embeddable":true,"href":"https:\/\/radiosurfm.com\/web\/wp-json\/wp\/v2\/users\/2"}],"replies":[{"embeddable":true,"href":"https:\/\/radiosurfm.com\/web\/wp-json\/wp\/v2\/comments?post=29898"}],"version-history":[{"count":0,"href":"https:\/\/radiosurfm.com\/web\/wp-json\/wp\/v2\/posts\/29898\/revisions"}],"wp:featuredmedia":[{"embeddable":true,"href":"https:\/\/radiosurfm.com\/web\/wp-json\/wp\/v2\/media\/29899"}],"wp:attachment":[{"href":"https:\/\/radiosurfm.com\/web\/wp-json\/wp\/v2\/media?parent=29898"}],"wp:term":[{"taxonomy":"category","embeddable":true,"href":"https:\/\/radiosurfm.com\/web\/wp-json\/wp\/v2\/categories?post=29898"},{"taxonomy":"post_tag","embeddable":true,"href":"https:\/\/radiosurfm.com\/web\/wp-json\/wp\/v2\/tags?post=29898"}],"curies":[{"name":"wp","href":"https:\/\/api.w.org\/{rel}","templated":true}]}}