{"id":29922,"date":"2025-04-16T15:19:18","date_gmt":"2025-04-16T18:19:18","guid":{"rendered":"https:\/\/radiosurfm.com\/web\/?p=29922"},"modified":"2025-04-16T15:19:18","modified_gmt":"2025-04-16T18:19:18","slug":"ricardo-colombi-inauguro-dos-sedes-partidarias-en-goya-y-anuncio-la-candidatura-de-kike-caneva","status":"publish","type":"post","link":"https:\/\/radiosurfm.com\/web\/2025\/04\/16\/ricardo-colombi-inauguro-dos-sedes-partidarias-en-goya-y-anuncio-la-candidatura-de-kike-caneva\/","title":{"rendered":"Ricardo Colombi inaugur\u00f3 dos sedes partidarias en Goya y anunci\u00f3 la candidatura de \u201cKike\u201d Caneva"},"content":{"rendered":"<div>El candidato gobernador por ECO (Encuentro por Corrientes), Ricardo Colombi, se hizo presente en Goya el pasado lunes por la noche y presidi\u00f3 dos fervorosos actos pol\u00edticos de su espacio durante los cuales se inauguraron sedes partidarias. Una ubicada en avenida Neustadt al 50 y otra en 25 de Mayo y Corrientes.<\/div>\n<div><\/div>\n<div>\u201cEsta es una las tantas visitas que hacemos no solo a Goya sino a todos los rincones de la provincia. Estuve en 9 de julio, en Santa Luc\u00eda, en Carolina y ac\u00e1 con cuatro o cinco reuniones muy importantes que hemos llevado a cabo con gente del deporte y de las instituciones del medio de Goya, y estos dos actos. Y eso no hace m\u00e1s que ratificar que esta decisi\u00f3n que hemos tomado de ser el candidato a gobernador, va por un muy buen camino\u201d, subray\u00f3 Ricardo Colombi.<\/div>\n<div><\/div>\n<div>El ex mandatario manifest\u00f3 que en esta etapa de la campa\u00f1a lo primero es ratificar lo que \u00e9l denomina la alianza social. \u201cSin alianza social no hay armado pol\u00edtico, no hay alianza pol\u00edtica\u201d, dej\u00f3 en claro.<\/div>\n<div><\/div>\n<div>\n<div><b>\u201cKIKE\u201d CANEVA, EL ELEGIDO<\/b><\/div>\n<div><\/div>\n<div>Adem\u00e1s de inaugurar dos sedes partidarias, Colombi tambi\u00e9n confirm\u00f3 que el candidato a la Intendencia por ECO va a ser Samuel \u201cKike\u201d C\u00e1neva.<\/div>\n<div>\n<div>\u201cKike\u201d es el candidato y despu\u00e9s se va a ir dando el resto del armado, la conformaci\u00f3n de la f\u00f3rmula, de los concejales y bueno, la idea es poner todo dentro de un mismo objetivo, que es el gobierno en la ciudad de Goya. Espero que se puedan sumar muchos actores de la actividad, no solo pol\u00edtica, sino tambi\u00e9n social de Goya, por eso propiciamos una alianza social y esto que hoy estamos viendo ac\u00e1 en Goya se replica en todos los rincones de la provincia\u201d, asegur\u00f3 y cont\u00f3 que ya estuvo en Esquina, Bella vista, Saladas y Mburucuya. Y que ayer ten\u00eda previsto visitar Concepci\u00f3n, Taba\u00ed, Pago de los Deseos, Tatacu\u00e1, y Santa Rosa, adem\u00e1s de San Miguel, Curuz\u00fa y Monte Caseros, donde ya se hizo presente.<\/div>\n<div><\/div>\n<div>Desde su \u00faltima visita en el mes de febrero, surgieron o se anunciaron nuevas candidaturas a nivel, digamos, de candidato a gobernador y tambi\u00e9n nuevos espacios se conformaron-. El \u00faltimo, hace una semana atr\u00e1s.<\/div>\n<div><\/div>\n<\/div>\n<\/div>\n<div><b>NUEVO ESPACIO POL\u00cdTICO<\/b><\/div>\n<div><\/div>\n<div>\n<div>La semana pasada referentes de varios partidos que fueron parte de la alianza oficialista y dirigentes de otros se reunieron y acordaron trabajar en conjunto con vistas a las pr\u00f3ximas elecciones provinciales.<\/div>\n<div><\/div>\n<div>Consultado al respecto, Colombi dijo \u201cesa foto -sobre los participantes del encuentro- es un esquema interesante, pero yo creo que ah\u00ed tienen el grave inconveniente de que hay tres candidatos a gobernador\u201d.<\/div>\n<div><\/div>\n<div>Tambi\u00e9n opin\u00f3 que la Libertad Avanza \u201cva a ir con su propio candidato, as\u00ed que no va a ser ninguno de estos\u201d. \u201cDepende de ellos la decisi\u00f3n que tomen. Yo nunca me entrometo en las cuestiones internas de las dem\u00e1s fuerzas pol\u00edticas. Me preocupo m\u00e1s por lo nuestro, de consolidar lo que es ECO y con esa herramienta, vamos a competir en esta elecci\u00f3n\u201d, dijo.<\/div>\n<div><\/div>\n<div><b>FOTO DE VALDES CON KARINA MILEI<\/b><\/div>\n<div><\/div>\n<div>Respecto de la foto del gobernador Gustavo Vald\u00e9s con la hermana del presidente Karina Milei que se hizo p\u00fablica esta semana, Colombi sostuvo que \u201clo que haga el gobierno es responsabilidad del gobierno\u201d.<\/div>\n<div><\/div>\n<div>Y acot\u00f3: \u201cla Libertad Avanza yo s\u00e9 que tiene contacto con otros sectores del propio gobierno, pero para ir por afuera. Pero bueno, tiempo al tiempo y ya se ver\u00e1n cu\u00e1ntos frentes electorales hay, si son 3, 4, o 5\u201d, y esto se replicar\u00e1 en los Municipios indic\u00f3.<\/div>\n<div><\/div>\n<div><b>\u201cEL OFICIALISMO ES EL QUE SE FRAGMENT\u00d3, NO LA OPOSICI\u00d3N\u201d<\/b><\/div>\n<div><\/div>\n<div>Se le plante\u00f3 entonces que una fragmentaci\u00f3n de la oposici\u00f3n muy grande podr\u00eda favorecer al oficialismo y ganar en primera vuelta.<\/div>\n<div><\/div>\n<div>\u201cEs que el oficialismo (\u201cVamos Corrientes\u201d) es el que se fragment\u00f3, no la oposici\u00f3n. Si no est\u00e1 ELI y no estamos nosotros, no est\u00e1 el Partido Autonomista, no est\u00e1 CICO, no est\u00e1n otros partidos m\u00e1s, el que se fractura es el oficialismo, no es la oposici\u00f3n\u201d, remarc\u00f3.<\/div>\n<div><\/div>\n<div>Hay posibilidades por parte de ECO, de poder hacer una alianza m\u00e1s grande para tener m\u00e1s chances?, se le pregunt\u00f3 al ex gobernador.<\/div>\n<div><\/div>\n<div>\u201cNosotros vamos a hacer una alianza social que la estamos haciendo, despu\u00e9s vendr\u00e1 la pol\u00edtica. Y en esta recorrida, que es un trabajo que cuesta un poco m\u00e1s, los resultados est\u00e1n a la vista. As\u00ed que despu\u00e9s que tengamos bien consolidado la alianza social, vamos a avanzar con la alianza pol\u00edtica. Sin alianza social no hay alianza pol\u00edtica\u201d, enfatiz\u00f3.<\/div>\n<div><\/div>\n<div><b>RELACION CON EL JUSTICIALISMO<\/b><\/div>\n<div><\/div>\n<div>Admiti\u00f3 sin embargo que hay buena qu\u00edmica con el peronismo correntino. \u201cEstamos trabajando con el justicialismo en su conjunto. Tenemos definido en varios lugares ya pr\u00e1cticamente una f\u00f3rmula integral\u201d, expres\u00f3 y ponder\u00f3 que el peronismo \u201ctiene muchos dirigentes territoriales muy buenos, as\u00ed como nosotros tambi\u00e9n lo tenemos. Es cuesti\u00f3n de conciliar esos intereses para que se pueda conformar una gran alianza social y pol\u00edtica que enderece este barco y que cambie los destinos de la provincia\u201d, dijo Ricardo Colombi.<\/div>\n<div><\/div>\n<div>Y sobre si hay posibilidades de llegar a alg\u00fan acuerdo con ELI, el partido de \u201cPerucho\u201d Cassani, respondi\u00f3 \u201csiempre hay. Por ah\u00ed hubo unas declaraciones que hay que canalizarlas, pero todo es posible. No hay que ser excluyente\u201d.<\/div>\n<div><\/div>\n<div><b>500 DESPEDIDOS<\/b><\/div>\n<div><\/div>\n<div>Durante el acto pol\u00edtico, el ex gobernador denunci\u00f3 que aproximadamente 500 trabajadores estatales que adhieren a su candidatura fueron despedidos.<\/div>\n<div><\/div>\n<div>\u201cS\u00ed, s\u00ed, despedidos. Y lo m\u00e1s bajo, o la bajeza m\u00e1s grande que puede haber, es cuando se toman decisiones con las mujeres, y sobre todo cuando esas mujeres son madres, y sobre todo cuando tienen chicos especiales\u201d, remarc\u00f3. Tambi\u00e9n mencion\u00f3 casos de traslado de m\u00e9dicos, o de miembros de la Polic\u00eda a rec\u00f3nditos lugares, o los aprietes para que no vengan a los actos\u201d.<\/div>\n<div><\/div>\n<div>\u201cY en eso tambi\u00e9n, no s\u00f3lo el gobierno provincial, sino los gobiernos comunales. Y el de ac\u00e1 de Goya no es la excepci\u00f3n. Ac\u00e1 hay personas que se han revelado contra ese tipo de presiones, y algunas mujeres han tenido la valent\u00eda y el coraje hasta de renunciar al trabajo en la Municipalidad despu\u00e9s de casi 20 a\u00f1os de servicio. Estas cosas tienen que saber la comunidad de Goya. Se toman con las mujeres y est\u00e1n equivocados, son mis\u00f3genos\u201d, calific\u00f3 Colombi.<\/div>\n<div><\/div>\n<div><b>FECHA DE ELECCIONES<\/b><\/div>\n<div><\/div>\n<div>Reiter\u00f3 su famoso dicho de que \u201cesto no es una carrera de velocidad sino resistencia. La cosa se va perfilando de parte nuestra, justamente por la alianza. Todo esto es un armado que hay que hacerlo con mucho cuidado, con mucha tranquilidad y con mucha paciencia\u201d.<\/div>\n<div><\/div>\n<div>Precis\u00f3 que de acuerdo a la Constituci\u00f3n la elecci\u00f3n se debe hacer entre el 10 de agosto y el 10 de octubre. \u201cLo m\u00e1s probable es que salga entre el 20 de agosto y la primera quincena de septiembre\u201d, estim\u00f3.<\/div>\n<div><\/div>\n<div>\u201cAlgunos dicen el 5 de octubre, cosa que si hay segunda vuelta peguen con las nacionales. Se pueden llevar una sorpresa ah\u00ed. Porque no es f\u00e1cil, el sistema de elecci\u00f3n nacional tiene un sistema de boletas diferente al nuestro. Inclusive van a haber dos boletas. Tienen que ser dos urnas. Es complicado, un poquito complicado votar provinciales con nacionales con este sistema electoral\u201d, analiz\u00f3 Colombi.<\/div>\n<div><\/div>\n<div>Finalmente adelant\u00f3 que a partir de ahora se lo va a ver m\u00e1s seguido por Goya. \u201cMe van a tener que aguantar. Y que no tengan miedo. El miedo, el autoritarismo, tiene que ver con la personalidad de los inseguros, timoratos, miedosos. Y esto -la pol\u00edtica- es para hombres y mujeres, con coraje, con decisi\u00f3n, con compromiso, con valores, con trayectoria, con experiencia\u201d, cerr\u00f3 Ricardo Colombi.<\/div>\n<\/div>\n","protected":false},"excerpt":{"rendered":"<p>El candidato gobernador por ECO (Encuentro por Corrientes), Ricardo Colombi, se hizo presente en Goya el pasado lunes por la noche y presidi\u00f3 dos fervorosos actos pol\u00edticos de su espacio durante los cuales se inauguraron sedes partidarias. Una ubicada en avenida Neustadt al 50 y otra en 25 de Mayo y Corrientes. \u201cEsta es una [&hellip;]<\/p>\n","protected":false},"author":2,"featured_media":29923,"comment_status":"open","ping_status":"open","sticky":false,"template":"","format":"standard","meta":{"footnotes":""},"categories":[56,66],"tags":[],"class_list":["post-29922","post","type-post","status-publish","format-standard","has-post-thumbnail","hentry","category-locales","category-politica-nacionales"],"_links":{"self":[{"href":"https:\/\/radiosurfm.com\/web\/wp-json\/wp\/v2\/posts\/29922","targetHints":{"allow":["GET"]}}],"collection":[{"href":"https:\/\/radiosurfm.com\/web\/wp-json\/wp\/v2\/posts"}],"about":[{"href":"https:\/\/radiosurfm.com\/web\/wp-json\/wp\/v2\/types\/post"}],"author":[{"embeddable":true,"href":"https:\/\/radiosurfm.com\/web\/wp-json\/wp\/v2\/users\/2"}],"replies":[{"embeddable":true,"href":"https:\/\/radiosurfm.com\/web\/wp-json\/wp\/v2\/comments?post=29922"}],"version-history":[{"count":0,"href":"https:\/\/radiosurfm.com\/web\/wp-json\/wp\/v2\/posts\/29922\/revisions"}],"wp:featuredmedia":[{"embeddable":true,"href":"https:\/\/radiosurfm.com\/web\/wp-json\/wp\/v2\/media\/29923"}],"wp:attachment":[{"href":"https:\/\/radiosurfm.com\/web\/wp-json\/wp\/v2\/media?parent=29922"}],"wp:term":[{"taxonomy":"category","embeddable":true,"href":"https:\/\/radiosurfm.com\/web\/wp-json\/wp\/v2\/categories?post=29922"},{"taxonomy":"post_tag","embeddable":true,"href":"https:\/\/radiosurfm.com\/web\/wp-json\/wp\/v2\/tags?post=29922"}],"curies":[{"name":"wp","href":"https:\/\/api.w.org\/{rel}","templated":true}]}}