{"id":29945,"date":"2025-04-21T12:44:06","date_gmt":"2025-04-21T15:44:06","guid":{"rendered":"https:\/\/radiosurfm.com\/web\/?p=29945"},"modified":"2025-04-21T12:44:06","modified_gmt":"2025-04-21T15:44:06","slug":"el-obispo-de-goya-invita-a-participar-en-la-misa-por-el-eterno-descanso-del-papa-francisco","status":"publish","type":"post","link":"https:\/\/radiosurfm.com\/web\/2025\/04\/21\/el-obispo-de-goya-invita-a-participar-en-la-misa-por-el-eterno-descanso-del-papa-francisco\/","title":{"rendered":"El obispo de Goya invita a participar en la misa por el eterno descanso del Papa Francisco"},"content":{"rendered":"<p>Invita por este medio, a las autoridades y a la feligres\u00eda en general a participar del oficio \u00b4In Memoriam\u00b4y a rezar por el eterno descanso del Santo Padre.<\/p>\n<p>Monse\u00f1or Canecin destaca &#8220;el testimonio de fe de quien supo guiar a la Iglesia universal con humildad, firmeza evang\u00e9lica y amor incondicional por los pobres, los descartados y los que sufren&#8221;.<\/p>\n<p>Hoy a retornado a la casa del Padre Dios un Santo padre, padre de todos, padre de los pobres y de los \u00faltimos, padre misericordioso. Gracias por volver a la Iglesia al Evangelio mismo. Esta ma\u00f1ana nos despertamos todos un poco hu\u00e9rfanos.<\/p>\n<p>Te vamos a extra\u00f1ar con toda el alma..<\/p>\n<p>Somos todos tus herederos para cuidar tu legado, para custodiar la sinodalidad y su implementaci\u00f3n en la Iglesia.<br \/>\nInvitamos a todas las comunidades a celebrar la Eucarist\u00eda en su memoria, dando gracias por su vida entregada al servicio del Evangelio, y a renovar, en este tiempo pascual y en el a\u00f1o jubilar de la esperanza, nuestra fe en Cristo Resucitado, que vence la muerte y nos ofrece la Vida nueva.<br \/>\nMar\u00eda, Nuestra Se\u00f1ora de Luj\u00e1n, lo reciba en su coraz\u00f3n de Madre.-<\/p>\n<p>&nbsp;<\/p>\n","protected":false},"excerpt":{"rendered":"<p>Invita por este medio, a las autoridades y a la feligres\u00eda en general a participar del oficio \u00b4In Memoriam\u00b4y a rezar por el eterno descanso del Santo Padre. Monse\u00f1or Canecin destaca &#8220;el testimonio de fe de quien supo guiar a la Iglesia universal con humildad, firmeza evang\u00e9lica y amor incondicional por los pobres, los descartados [&hellip;]<\/p>\n","protected":false},"author":2,"featured_media":29946,"comment_status":"open","ping_status":"open","sticky":false,"template":"","format":"standard","meta":{"footnotes":""},"categories":[56],"tags":[],"class_list":["post-29945","post","type-post","status-publish","format-standard","has-post-thumbnail","hentry","category-locales"],"_links":{"self":[{"href":"https:\/\/radiosurfm.com\/web\/wp-json\/wp\/v2\/posts\/29945","targetHints":{"allow":["GET"]}}],"collection":[{"href":"https:\/\/radiosurfm.com\/web\/wp-json\/wp\/v2\/posts"}],"about":[{"href":"https:\/\/radiosurfm.com\/web\/wp-json\/wp\/v2\/types\/post"}],"author":[{"embeddable":true,"href":"https:\/\/radiosurfm.com\/web\/wp-json\/wp\/v2\/users\/2"}],"replies":[{"embeddable":true,"href":"https:\/\/radiosurfm.com\/web\/wp-json\/wp\/v2\/comments?post=29945"}],"version-history":[{"count":0,"href":"https:\/\/radiosurfm.com\/web\/wp-json\/wp\/v2\/posts\/29945\/revisions"}],"wp:featuredmedia":[{"embeddable":true,"href":"https:\/\/radiosurfm.com\/web\/wp-json\/wp\/v2\/media\/29946"}],"wp:attachment":[{"href":"https:\/\/radiosurfm.com\/web\/wp-json\/wp\/v2\/media?parent=29945"}],"wp:term":[{"taxonomy":"category","embeddable":true,"href":"https:\/\/radiosurfm.com\/web\/wp-json\/wp\/v2\/categories?post=29945"},{"taxonomy":"post_tag","embeddable":true,"href":"https:\/\/radiosurfm.com\/web\/wp-json\/wp\/v2\/tags?post=29945"}],"curies":[{"name":"wp","href":"https:\/\/api.w.org\/{rel}","templated":true}]}}