{"id":29950,"date":"2025-04-22T13:12:52","date_gmt":"2025-04-22T16:12:52","guid":{"rendered":"https:\/\/radiosurfm.com\/web\/?p=29950"},"modified":"2025-04-22T13:12:52","modified_gmt":"2025-04-22T16:12:52","slug":"monsenor-canecin-francisco-fue-un-peregrino-de-esperanza-de-equipaje-ligero-y-liviano","status":"publish","type":"post","link":"https:\/\/radiosurfm.com\/web\/2025\/04\/22\/monsenor-canecin-francisco-fue-un-peregrino-de-esperanza-de-equipaje-ligero-y-liviano\/","title":{"rendered":"MONSE\u00d1OR CANECIN: &#8220;Francisco fue un peregrino de esperanza, de equipaje ligero y liviano&#8221;"},"content":{"rendered":"<p>La catedral de Goya estuvo colmada en la misa por el papa Francisco. La Di\u00f3cesis de Goya, rindi\u00f3 homenaje al papa Francisco, fallecido el lunes, con una misa \u00b4In Memoriam\u00b4 que se realiz\u00f3 en la catedral de Nuestra Se\u00f1ora del Rosario. Hasta all\u00ed llegaron cientos de personas para participar de la misa que presidi\u00f3 el obispo, monse\u00f1or Adolfo Ram\u00f3n Canecin. Minutos despu\u00e9s de las 19:30, comenz\u00f3 la misa a la que asistieron las autoridades de esta ciudad y la feligres\u00eda cat\u00f3lica.<\/p>\n<div>El prelado destac\u00f3 que el legado principal que dej\u00f3 Jorge Bergoglio fue &#8220;el estilo que nos mostr\u00f3 con su manera de ser&#8221; porque &#8220;no hab\u00eda realidad que el Papa no aborde&#8221;.<\/div>\n<div><\/div>\n<div>La celebraci\u00f3n lit\u00fargica convoc\u00f3 a una gran cantidad de fieles, autoridades y representantes de diversas instituciones religiosas y civiles de la ciudad de Goya.<\/div>\n<div><\/div>\n<div>En su homil\u00eda el obispo diocesano, &#8220;Hoy tuvimos la sorpresa de que el Papa Francisco, hiciera su Pascua desde este mundo al Padre. Que detalle hermoso del Se\u00f1or para con Francisco porque ocurri\u00f3 en el tiempo de la Pascua de Resurrecci\u00f3n &#8220;y as\u00ed &#8220;lleg\u00f3 el tiempo, est\u00e1 estrenando el cielo nuevo y la tierra nueva donde ya no habr\u00e1 llantos ni dolor de muerte, porque, este cielo y esta tierra abran pasado&#8221;.<\/div>\n<div><\/div>\n<div>&#8220;El Papa Francisco est\u00e1 estrenando lo definitivo, ha llegado ya a la mete y nosotros todos estamos todav\u00eda en camino&#8221; y en el contexto del Jubileo de la Esperanza, contin\u00fao se\u00f1alando &#8220;El Papa Francisco ya ve realizada la esperanza que a nosotros nos ayuda a caminar mientras estamos aqu\u00ed entre lo ef\u00edmero, lo pasajero, lo transitorio. \u00c9l ya est\u00e1 en la esperanza colmada en el cielo&#8221; remarc\u00f3.<\/div>\n<div><\/div>\n<div>M\u00e1s adelante, en su homil\u00eda, Monse\u00f1or Canecin dijo &#8220;Francisco fue un peregrino de esperanza, de equipaje ligero y liviano, que nos ense\u00f1\u00f3 a hacer una Iglesia en salida para llegar a las periferias geogr\u00e1ficas y existenciales. Para eso, hay que tener equipaje liviano&#8221;.<\/div>\n<div><\/div>\n<div>&#8220;Francisco fue un peregrino de esperanza, que tuvo un estilo que lo mantuvo, con su coherencia de vida, a lo largo de toda su vida y de manera particular a lo largo de todo su pontificado. Francisco nos mostr\u00f3 un estilo&#8221; resalto.<\/div>\n<div><\/div>\n<div>&#8220;El Papa Francisco quiso instalar en su ministerio el Concilio Vaticano II\u00b0 que fue el gran pentecost\u00e9s de la Iglesia&#8221; puntualiz\u00f3.<\/div>\n<div><\/div>\n<div>En ese sentido, el Obispo coment\u00f3 que: &#8220;El gran documento de este Papa, su texto program\u00e1tico fue el Engelii Gaudium, la alegr\u00eda del Evangelio y que tiene un coraz\u00f3n DIlexis Nos, el \u00faltimo documento que nos regal\u00f3 el Papa el a\u00f1o pasado, habl\u00e1ndonos sobre el coraz\u00f3n humano y divino de Jes\u00fas, de este coraz\u00f3n tenemos que recorrer ese texto program\u00e1tico&#8221;.<\/div>\n<div><\/div>\n<div>&#8220;Tenemos que vivir Fratelli Tutti, hermanos todos y, tenemos que ser una Iglesia en salida a todas las periferias geogr\u00e1ficas y existenciales&#8221; dijo el obispo al referirse al legado de Francisco.<\/div>\n<div><\/div>\n<div>Remarco que el &#8220;Papa nos ha recordado la paradoja cristol\u00f3gica. Esto es f\u00e1cil decirlo, no f\u00e1cil de entenderlo y muy dif\u00edcil vivir. Jesucristo es la verdad que no pasa, pero siendo la verdad no la impone sino la propone y mientras captamos la verdad nos abraza con misericordia&#8221;.<\/div>\n<div><\/div>\n<div>El Papa llamo a vivir la paradoja cristol\u00f3gica, donde abrimos la puerta a todos, todos, todos no la cerramos a nadie, pero en una pedagog\u00eda paciente como la de Jes\u00fas y la del Papa Francisco, vamos caminando hacia la verdad.<\/div>\n<div><\/div>\n<div>&#8220;El Papa nos invita a abrazar toda realidad con misericordia, nunca llamar bien al mal, y conducirla a la plenitud de la verdad&#8221; remarco monse\u00f1or Adolfo Canecin.<\/div>\n<div><\/div>\n<div>Finalmente se\u00f1alo que &#8220;como Iglesia diocesana nos queda asumir el magisterio del Papa. El mejor homenaje que podemos hacer a Francisco es asumir el magisterio y llevarlo a la pr\u00e1ctica&#8221;.<\/div>\n<div><\/div>\n<div>Alent\u00f3 a rezar por &#8220;el nuevo Pedro que Dios en su providencia tendr\u00e1 pensado regalarnos&#8221; en alusi\u00f3n al futuro Papa que elegir\u00e1n los cardenales del mundo.<\/div>\n<div><\/div>\n<div>Participaron el Intendente Municipal de Goya, Mariano Hormaechea, el segundo jefe del Batallon de Ingenieros de Monte 12, mayor Santiago Avila, el director de la Unidad Regional II\u00b0 de la Policia de Corrientes, comisario mayor Valent\u00edn Morales, en representaci\u00f3n de la Prefectura Naval Argentina, el oficial Damian Tononiolo, funcionarios del ejecutivo y concejales.<\/div>\n","protected":false},"excerpt":{"rendered":"<p>La catedral de Goya estuvo colmada en la misa por el papa Francisco. La Di\u00f3cesis de Goya, rindi\u00f3 homenaje al papa Francisco, fallecido el lunes, con una misa \u00b4In Memoriam\u00b4 que se realiz\u00f3 en la catedral de Nuestra Se\u00f1ora del Rosario. Hasta all\u00ed llegaron cientos de personas para participar de la misa que presidi\u00f3 el [&hellip;]<\/p>\n","protected":false},"author":2,"featured_media":29951,"comment_status":"open","ping_status":"open","sticky":false,"template":"","format":"standard","meta":{"footnotes":""},"categories":[56],"tags":[],"class_list":["post-29950","post","type-post","status-publish","format-standard","has-post-thumbnail","hentry","category-locales"],"_links":{"self":[{"href":"https:\/\/radiosurfm.com\/web\/wp-json\/wp\/v2\/posts\/29950","targetHints":{"allow":["GET"]}}],"collection":[{"href":"https:\/\/radiosurfm.com\/web\/wp-json\/wp\/v2\/posts"}],"about":[{"href":"https:\/\/radiosurfm.com\/web\/wp-json\/wp\/v2\/types\/post"}],"author":[{"embeddable":true,"href":"https:\/\/radiosurfm.com\/web\/wp-json\/wp\/v2\/users\/2"}],"replies":[{"embeddable":true,"href":"https:\/\/radiosurfm.com\/web\/wp-json\/wp\/v2\/comments?post=29950"}],"version-history":[{"count":0,"href":"https:\/\/radiosurfm.com\/web\/wp-json\/wp\/v2\/posts\/29950\/revisions"}],"wp:featuredmedia":[{"embeddable":true,"href":"https:\/\/radiosurfm.com\/web\/wp-json\/wp\/v2\/media\/29951"}],"wp:attachment":[{"href":"https:\/\/radiosurfm.com\/web\/wp-json\/wp\/v2\/media?parent=29950"}],"wp:term":[{"taxonomy":"category","embeddable":true,"href":"https:\/\/radiosurfm.com\/web\/wp-json\/wp\/v2\/categories?post=29950"},{"taxonomy":"post_tag","embeddable":true,"href":"https:\/\/radiosurfm.com\/web\/wp-json\/wp\/v2\/tags?post=29950"}],"curies":[{"name":"wp","href":"https:\/\/api.w.org\/{rel}","templated":true}]}}