{"id":29953,"date":"2025-04-22T13:17:28","date_gmt":"2025-04-22T16:17:28","guid":{"rendered":"https:\/\/radiosurfm.com\/web\/?p=29953"},"modified":"2025-04-22T13:17:28","modified_gmt":"2025-04-22T16:17:28","slug":"el-funeral-del-papa-francisco-sera-este-sabado-su-cuerpo-sera-expuesto-desde-manana-en-la-basilica-de-san-pedro","status":"publish","type":"post","link":"https:\/\/radiosurfm.com\/web\/2025\/04\/22\/el-funeral-del-papa-francisco-sera-este-sabado-su-cuerpo-sera-expuesto-desde-manana-en-la-basilica-de-san-pedro\/","title":{"rendered":"El funeral del papa Francisco ser\u00e1 este s\u00e1bado: su cuerpo ser\u00e1 expuesto desde ma\u00f1ana en la bas\u00edlica de San Pedro"},"content":{"rendered":"<p>La Iglesia Cat\u00f3lica se enfrenta este martes a uno de los momentos m\u00e1s trascendentales de su historia reciente: la despedida del papa Francisco y el inicio del complejo proceso de transici\u00f3n que definir\u00e1 a su sucesor. Jorge Mario Bergoglio falleci\u00f3 este lunes en el Vaticano, a los 88 a\u00f1os, y con su muerte se activ\u00f3 de inmediato el protocolo de sede vacante, el per\u00edodo en el que el trono de San Pedro permanece sin ocupante hasta la elecci\u00f3n de un nuevo pont\u00edfice.<\/p>\n<p>Desde primeras horas de este martes, los cardenales fueron convocados a una congregaci\u00f3n general en Roma, la primera de una serie de reuniones clave. En este encuentro se determin\u00f3 que cuerpo del papa Francisco ser\u00e1 expuesto al p\u00fablico en la bas\u00edlica de San Pedro a partir de este mi\u00e9rcoles. Mientras tanto, la Santa Sede se prepara para recibir a l\u00edderes de todo el mundo en una ceremonia de despedida que marcar\u00e1 un hito para millones de fieles cat\u00f3licos.<\/p>\n<p>La Bas\u00edlica de San Pedro ser\u00e1 el escenario del funeral, una ceremonia de Estado que se realizar\u00e1 entre el cuarto y el sexto d\u00eda tras su muerte. A ella asistir\u00e1n mandatarios, dignatarios religiosos y representantes de casas reales. Donald Trump fue el primer jefe de Estado en confirmar su presencia, al tiempo que rindi\u00f3 homenaje al pont\u00edfice con palabras sentidas: \u201cEra un buen hombre, trabaj\u00f3 duro y am\u00f3 al mundo\u201d.<\/p>\n<p>La noche del lunes, el cuerpo del papa fue llevado a la capilla de la residencia Santa Marta, donde viv\u00eda desde 2013. El mi\u00e9rcoles ser\u00e1 trasladado a la Bas\u00edlica de San Pedro para ser velado por los fieles en capilla ardiente, en una jornada que promete convocar a miles de personas en Roma. Mientras tanto, su apartamento fue sellado formalmente, como establece el protocolo.<\/p>\n<p>Francisco ser\u00e1 sepultado en la Bas\u00edlica de Santa Mar\u00eda la Mayor, en la capital italiana, un deseo que \u00e9l mismo dej\u00f3 por escrito en su testamento. La tumba, situada en la Capilla Paulina, ser\u00e1 sobria: sin adornos, ni epitafios, s\u00f3lo su nombre en lat\u00edn: Franciscus. As\u00ed, se convierte en el primer papa en m\u00e1s de un siglo en ser enterrado fuera del Vaticano, frente al icono de la Salus Populi Romani, ante el cual sol\u00eda rezar antes y despu\u00e9s de cada viaje apost\u00f3lico.<\/p>\n","protected":false},"excerpt":{"rendered":"<p>La Iglesia Cat\u00f3lica se enfrenta este martes a uno de los momentos m\u00e1s trascendentales de su historia reciente: la despedida del papa Francisco y el inicio del complejo proceso de transici\u00f3n que definir\u00e1 a su sucesor. Jorge Mario Bergoglio falleci\u00f3 este lunes en el Vaticano, a los 88 a\u00f1os, y con su muerte se activ\u00f3 [&hellip;]<\/p>\n","protected":false},"author":2,"featured_media":29954,"comment_status":"open","ping_status":"open","sticky":false,"template":"","format":"standard","meta":{"footnotes":""},"categories":[64],"tags":[],"class_list":["post-29953","post","type-post","status-publish","format-standard","has-post-thumbnail","hentry","category-nacionales"],"_links":{"self":[{"href":"https:\/\/radiosurfm.com\/web\/wp-json\/wp\/v2\/posts\/29953","targetHints":{"allow":["GET"]}}],"collection":[{"href":"https:\/\/radiosurfm.com\/web\/wp-json\/wp\/v2\/posts"}],"about":[{"href":"https:\/\/radiosurfm.com\/web\/wp-json\/wp\/v2\/types\/post"}],"author":[{"embeddable":true,"href":"https:\/\/radiosurfm.com\/web\/wp-json\/wp\/v2\/users\/2"}],"replies":[{"embeddable":true,"href":"https:\/\/radiosurfm.com\/web\/wp-json\/wp\/v2\/comments?post=29953"}],"version-history":[{"count":0,"href":"https:\/\/radiosurfm.com\/web\/wp-json\/wp\/v2\/posts\/29953\/revisions"}],"wp:featuredmedia":[{"embeddable":true,"href":"https:\/\/radiosurfm.com\/web\/wp-json\/wp\/v2\/media\/29954"}],"wp:attachment":[{"href":"https:\/\/radiosurfm.com\/web\/wp-json\/wp\/v2\/media?parent=29953"}],"wp:term":[{"taxonomy":"category","embeddable":true,"href":"https:\/\/radiosurfm.com\/web\/wp-json\/wp\/v2\/categories?post=29953"},{"taxonomy":"post_tag","embeddable":true,"href":"https:\/\/radiosurfm.com\/web\/wp-json\/wp\/v2\/tags?post=29953"}],"curies":[{"name":"wp","href":"https:\/\/api.w.org\/{rel}","templated":true}]}}