{"id":30056,"date":"2025-04-28T12:51:01","date_gmt":"2025-04-28T15:51:01","guid":{"rendered":"https:\/\/radiosurfm.com\/web\/?p=30056"},"modified":"2025-04-28T12:51:01","modified_gmt":"2025-04-28T15:51:01","slug":"un-mega-apagon-afecto-a-espana-y-portugal","status":"publish","type":"post","link":"https:\/\/radiosurfm.com\/web\/2025\/04\/28\/un-mega-apagon-afecto-a-espana-y-portugal\/","title":{"rendered":"Un mega apag\u00f3n afect\u00f3 a Espa\u00f1a y Portugal"},"content":{"rendered":"<p><b>Un corte de luz masivo ocurrido este lunes al mediod\u00eda impact\u00f3 a toda la pen\u00ednsula ib\u00e9rica y oblig\u00f3 a paralizar el tr\u00e1fico ferroviario en Espa\u00f1a<\/b>. Una parte del sur de Francia tambi\u00e9n se vio brevemente afectada.<\/p>\n<p><b>El gestor de la red el\u00e9ctrica espa\u00f1ola, Red El\u00e9ctrica, advirti\u00f3 que se necesitar\u00edan entre &#8220;6 y 10 horas&#8221;<\/b>\u00a0para recuperar totalmente el suministro y pidi\u00f3 evitar &#8220;especulaciones&#8221; sobre el origen del apag\u00f3n, que todav\u00eda se est\u00e1 investigando. Por la tarde comenz\u00f3 a volver la luz en zonas del norte, sur y oeste de Espa\u00f1a.<\/p>\n<p><b>&#8220;Ya se ha recuperado la tensi\u00f3n en subestaciones de varias zonas del norte, sur y oeste peninsular empezando a dar suministro a consumidores de dichas zonas&#8221;<\/b>, indic\u00f3 la Red El\u00e9ctrica espa\u00f1ola en un comunicado.<\/p>\n<h2>Apag\u00f3n y caos<\/h2>\n<p><b>&#8220;Activados planes de reposici\u00f3n del suministro el\u00e9ctrico en colaboraci\u00f3n con las empresas del sector<\/b>\u00a0tras el cero (ca\u00edda total de tensi\u00f3n, NDLR) ocurrido en el sistema peninsular&#8221;, hab\u00eda anunciado un poco antes en X Red El\u00e9ctrica, donde precis\u00f3 que &#8220;se est\u00e1n analizando las causas&#8221; del apag\u00f3n.<\/p>\n<p>El administrador espa\u00f1ol de las infraestructuras ferroviarias (Adif) anunci\u00f3 en X que debido al apag\u00f3n, estaba<b>\u00a0&#8220;interrumpido el tr\u00e1fico ferroviario en toda la red&#8221;.<\/b><\/p>\n<p>Tanto en Madrid, en el centro peninsular, como en Barcelona, en el noreste, numerosos habitantes salieron a la calle, con el tel\u00e9fono en la mano, en busca de cobertura.\u00a0<b>Muchos sem\u00e1foros no funcionaban, lo que oblig\u00f3 a los autos a circular lentamente.<\/b><\/p>\n<p>Los metros tambi\u00e9n se detuvieron y la Direcci\u00f3n General de Tr\u00e1fico (DGT) pidi\u00f3 a los habitantes &#8220;que eviten circular en la medida de lo posible&#8221;.\u00a0El alcalde de Madrid, Jos\u00e9 Luis Mart\u00ednez Almeida, lanz\u00f3 un llamado parecido a la poblaci\u00f3n.\u00a0<b>&#8220;Si podemos, nos quedamos donde estamos [&#8230;] estamos todos en una situaci\u00f3n complicada&#8221;<\/b>, declar\u00f3 el primer edil a la radio p\u00fablica RNE.<\/p>\n<p>Por su parte, el gestor de aeropuertos espa\u00f1oles Aena indic\u00f3 que sus instalaciones est\u00e1n operativas gracias a los grupos electr\u00f3genos de emergencias. &#8220;Los aeropuertos est\u00e1n operativos con los sistemas el\u00e9ctricos de contingencia&#8221;, aunque hay retrasos en vuelos, afirm\u00f3 Aena en X.<\/p>\n<p><b>El presidente del gobierno, Pedro S\u00e1nchez, se desplaz\u00f3 al centro de control de Red El\u00e9ctrica\u00a0<\/b>y su oficina indic\u00f3 que el gobierno &#8220;est\u00e1 trabajando para conocer el origen y la afectaci\u00f3n de esta incidencia y dedicando todos los recursos para solventarla cuanto antes&#8221;.<\/p>\n<h2>El apag\u00f3n en Portugal<\/h2>\n<p><b>En Portugal el gestor de la red el\u00e9ctrica nacional (REN) confirm\u00f3 &#8220;un corte masivo de luz en toda la pen\u00ednsula ib\u00e9rica<\/b>, que afecta tambi\u00e9n una parte del territorio franc\u00e9s y cuyo impacto alcanz\u00f3 Portugal desde las 11.33.&#8221;.<\/p>\n<p>&#8220;Se activaron todos los planes de restablecimiento por etapas del suministro de energ\u00eda, en coordinaci\u00f3n con los productores y operadores europeos de energ\u00eda&#8221;, precis\u00f3 REN en un comunicado.<b>\u00a0&#8220;Las posibles causas del incidente se est\u00e1n analizando&#8221;<\/b>, a\u00f1adi\u00f3.<\/p>\n<p>Seg\u00fan dijo el ministro portavoz del gobierno, Antonio Leitao Amaro, a la agencia de noticias Lusa, &#8220;<b>al parecer se tratar\u00eda de un problema en la red de transporte<\/b>\u00a0[de energ\u00eda el\u00e9ctrica] cuya causa todav\u00eda est\u00e1 por identificar, al parecer en Espa\u00f1a&#8221;.<\/p>\n<p>En Francia, el corte de electricidad afect\u00f3 al Pa\u00eds Vasco (en el suroeste) y dur\u00f3 poco. El gestor franc\u00e9s de la red anunci\u00f3 que hab\u00eda restablecido el suministro.<\/p>\n","protected":false},"excerpt":{"rendered":"<p>Un corte de luz masivo ocurrido este lunes al mediod\u00eda impact\u00f3 a toda la pen\u00ednsula ib\u00e9rica y oblig\u00f3 a paralizar el tr\u00e1fico ferroviario en Espa\u00f1a. Una parte del sur de Francia tambi\u00e9n se vio brevemente afectada. El gestor de la red el\u00e9ctrica espa\u00f1ola, Red El\u00e9ctrica, advirti\u00f3 que se necesitar\u00edan entre &#8220;6 y 10 horas&#8221;\u00a0para recuperar [&hellip;]<\/p>\n","protected":false},"author":2,"featured_media":30057,"comment_status":"open","ping_status":"open","sticky":false,"template":"","format":"standard","meta":{"footnotes":""},"categories":[70,64],"tags":[],"class_list":["post-30056","post","type-post","status-publish","format-standard","has-post-thumbnail","hentry","category-mundo","category-nacionales"],"_links":{"self":[{"href":"https:\/\/radiosurfm.com\/web\/wp-json\/wp\/v2\/posts\/30056","targetHints":{"allow":["GET"]}}],"collection":[{"href":"https:\/\/radiosurfm.com\/web\/wp-json\/wp\/v2\/posts"}],"about":[{"href":"https:\/\/radiosurfm.com\/web\/wp-json\/wp\/v2\/types\/post"}],"author":[{"embeddable":true,"href":"https:\/\/radiosurfm.com\/web\/wp-json\/wp\/v2\/users\/2"}],"replies":[{"embeddable":true,"href":"https:\/\/radiosurfm.com\/web\/wp-json\/wp\/v2\/comments?post=30056"}],"version-history":[{"count":0,"href":"https:\/\/radiosurfm.com\/web\/wp-json\/wp\/v2\/posts\/30056\/revisions"}],"wp:featuredmedia":[{"embeddable":true,"href":"https:\/\/radiosurfm.com\/web\/wp-json\/wp\/v2\/media\/30057"}],"wp:attachment":[{"href":"https:\/\/radiosurfm.com\/web\/wp-json\/wp\/v2\/media?parent=30056"}],"wp:term":[{"taxonomy":"category","embeddable":true,"href":"https:\/\/radiosurfm.com\/web\/wp-json\/wp\/v2\/categories?post=30056"},{"taxonomy":"post_tag","embeddable":true,"href":"https:\/\/radiosurfm.com\/web\/wp-json\/wp\/v2\/tags?post=30056"}],"curies":[{"name":"wp","href":"https:\/\/api.w.org\/{rel}","templated":true}]}}