{"id":30079,"date":"2025-04-29T14:51:13","date_gmt":"2025-04-29T17:51:13","guid":{"rendered":"https:\/\/radiosurfm.com\/web\/?p=30079"},"modified":"2025-04-29T15:19:31","modified_gmt":"2025-04-29T18:19:31","slug":"un-correntino-se-sumo-a-la-seleccion-nacional","status":"publish","type":"post","link":"https:\/\/radiosurfm.com\/web\/2025\/04\/29\/un-correntino-se-sumo-a-la-seleccion-nacional\/","title":{"rendered":"Un correntino se sum\u00f3 a la selecci\u00f3n nacional"},"content":{"rendered":"<p>La selecci\u00f3n Argentina masculina de voleibol contin\u00faa con los entrenamientos en el Centro Nacional de Alto Rendimiento, \u00a0de cara al comienzo de la Liga de Naciones, cuyo primer compromiso ser\u00e1 en Canad\u00e1 el pr\u00f3ximo 11 de junio.<\/p>\n<p>Desde el 14 de abril, la selecci\u00f3n puso primera en un a\u00f1o cargado de competencia y con el correr de los d\u00edas se fueron sumandos jugadores, entre ellos el correntino Germ\u00e1n G\u00f3mez.<\/p>\n<p>El jugador oriundo de Carolina, se integr\u00f3 al equipo argentino despu\u00e9s de su consagraci\u00f3n en Liga Argentina junto al club Ciudad.<\/p>\n<p>Durante el 2024, G\u00f3mez ya form\u00f3 parte de la preparaci\u00f3n del equipo nacional y defendi\u00f3 la casaca albiceleste en varios partidos amistosos.<\/p>\n<p>Del inicio de los entrenamientos fueron parte Manuel Armoa, Nicol\u00e1s Zerba, Joaqu\u00edn Gallego, Pablo Denis, Pablo Urchevich, Federico Trucco, Ezequiel V\u00e1zquez y Tob\u00edas Scarpa.<\/p>\n<p>Despu\u00e9s se sumaron Lucas Conde, Mat\u00edas S\u00e1nchez, Mat\u00edas Giraudo, Gustavo Maciel, Fausto D\u00edaz, G\u00f3mez e Imanol Salazar.<\/p>\n<p>Todav\u00eda con las competencias internacionales en juego, en los pr\u00f3ximos d\u00edas comenzar\u00e1n a integrarse el resto de jugadores y miembros del cuerpo t\u00e9cnico que restan.<\/p>\n<p>Argentina comenzar\u00e1 su camino en la Liga de Naciones en Canad\u00e1, en la ciudad de Quebec, del 11 al 15 de junio, donde jugar\u00e1 ante los locales, Francia, Italia, y Bulgaria.<\/p>\n<p>Como parte de la preparaci\u00f3n, se medir\u00e1 con Ir\u00e1n en dos partidos amistosos, los d\u00edas \u00a05 y 6 de junio, que en el estadio Aldo Cantoni de San Juan.<\/p>\n<p>El calendario 2025 tendr\u00e1 como m\u00e1xima cita al Mundial FIVB Masculino, del 12 al 28 de septiembre, con sede en Filipinas, y donde la Argentina integra la Zona C en la que enfrentar\u00e1 a Francia, Finlandia y Corea del Sur.<\/p>\n","protected":false},"excerpt":{"rendered":"<p>La selecci\u00f3n Argentina masculina de voleibol contin\u00faa con los entrenamientos en el Centro Nacional de Alto Rendimiento, \u00a0de cara al comienzo de la Liga de Naciones, cuyo primer compromiso ser\u00e1 en Canad\u00e1 el pr\u00f3ximo 11 de junio. Desde el 14 de abril, la selecci\u00f3n puso primera en un a\u00f1o cargado de competencia y con el [&hellip;]<\/p>\n","protected":false},"author":2,"featured_media":30080,"comment_status":"open","ping_status":"open","sticky":false,"template":"","format":"standard","meta":{"footnotes":""},"categories":[83,72],"tags":[],"class_list":["post-30079","post","type-post","status-publish","format-standard","has-post-thumbnail","hentry","category-deporte","category-provinciales"],"_links":{"self":[{"href":"https:\/\/radiosurfm.com\/web\/wp-json\/wp\/v2\/posts\/30079","targetHints":{"allow":["GET"]}}],"collection":[{"href":"https:\/\/radiosurfm.com\/web\/wp-json\/wp\/v2\/posts"}],"about":[{"href":"https:\/\/radiosurfm.com\/web\/wp-json\/wp\/v2\/types\/post"}],"author":[{"embeddable":true,"href":"https:\/\/radiosurfm.com\/web\/wp-json\/wp\/v2\/users\/2"}],"replies":[{"embeddable":true,"href":"https:\/\/radiosurfm.com\/web\/wp-json\/wp\/v2\/comments?post=30079"}],"version-history":[{"count":0,"href":"https:\/\/radiosurfm.com\/web\/wp-json\/wp\/v2\/posts\/30079\/revisions"}],"wp:featuredmedia":[{"embeddable":true,"href":"https:\/\/radiosurfm.com\/web\/wp-json\/wp\/v2\/media\/30080"}],"wp:attachment":[{"href":"https:\/\/radiosurfm.com\/web\/wp-json\/wp\/v2\/media?parent=30079"}],"wp:term":[{"taxonomy":"category","embeddable":true,"href":"https:\/\/radiosurfm.com\/web\/wp-json\/wp\/v2\/categories?post=30079"},{"taxonomy":"post_tag","embeddable":true,"href":"https:\/\/radiosurfm.com\/web\/wp-json\/wp\/v2\/tags?post=30079"}],"curies":[{"name":"wp","href":"https:\/\/api.w.org\/{rel}","templated":true}]}}