{"id":30476,"date":"2025-05-26T13:38:29","date_gmt":"2025-05-26T16:38:29","guid":{"rendered":"https:\/\/radiosurfm.com\/web\/?p=30476"},"modified":"2025-05-26T13:38:29","modified_gmt":"2025-05-26T16:38:29","slug":"un-goyano-sera-parte-del-tour-de-francia-junior","status":"publish","type":"post","link":"https:\/\/radiosurfm.com\/web\/2025\/05\/26\/un-goyano-sera-parte-del-tour-de-francia-junior\/","title":{"rendered":"Un goyano ser\u00e1 parte del Tour de Francia Junior"},"content":{"rendered":"<p>El juvenil ciclista goyano Nicol\u00e1s Almada competir\u00e1 en el Tour de France Junior, como parte del equipo espa\u00f1ol Picusa Academy, en un hecho sin precedentes para el deporte correntino.<\/p>\n<div>Ser\u00e1 en el Tour de Valromey del 10 al 14 de julio. El Picusa Academy ser\u00e1 parte de esta prueba que que es conocida como el Tour de Francia junior. El equipo cuenta con nueva ciclistas espa\u00f1oles, adem\u00e1s de el sudafricano Carter Barnes, el brasile\u00f1o Dimas Mota y Almada.<\/div>\n<div>\n<div><\/div>\n<div>El goyano Almada, de 17 a\u00f1os, comenz\u00f3 a competir en Europa con el equipo espa\u00f1ol desde abril pasado, cuando particip\u00f3 de la tradicional Vuelta a Loul\u00e9 Junior, en Portugal que cont\u00f3 con la participaci\u00f3n de 24 equipos, donde logr\u00f3 el noveno lugar.<\/div>\n<div><\/div>\n<div>Esta competencia en Portugal tiene una larga tradici\u00f3n y es considerada una plataforma clave para los futuros talentos del ciclismo mundial.<\/div>\n<\/div>\n<div>\n<div><\/div>\n<div>Djamel Avenda\u00f1o, director deportivo del conjunto Picusa Academy, tuvo palabras de elogio para con \u201cNico\u201d Almada. \u201cEstamos muy contentos, ayuda mucho al equipo y ha hecho muy buenas clasificaciones, como en Loul\u00e9\u201d, y dej\u00f3 en claro que el goyano, paulatinamente se va acostumbrando a los tramos de monta\u00f1a, creciendo en lo t\u00e9cnico y f\u00edsico junto a su entrenador.<\/div>\n<div><\/div>\n<div>\u201cEs un chico disciplinado, con gran predisposici\u00f3n y muy buen compa\u00f1ero. Se est\u00e1 adaptando muy bien a las exigencias del equipo y no tenemos dudas de su potencial y enorme futuro\u201d, puso de relieve Avenda\u00f1o, destacando la contracci\u00f3n al trabajo y el deseo de superaci\u00f3n permanente que exhibe el juvenil goyano.<\/div>\n<div>\u201cNico\u201d Almada, m\u00faltiple campe\u00f3n argentino juvenil, tanto en rutas como en pista, se destaca por su constancia y t\u00e9cnica y ahora busca seguir progresando en territorio europeo.<\/div>\n<\/div>\n","protected":false},"excerpt":{"rendered":"<p>El juvenil ciclista goyano Nicol\u00e1s Almada competir\u00e1 en el Tour de France Junior, como parte del equipo espa\u00f1ol Picusa Academy, en un hecho sin precedentes para el deporte correntino. Ser\u00e1 en el Tour de Valromey del 10 al 14 de julio. El Picusa Academy ser\u00e1 parte de esta prueba que que es conocida como el [&hellip;]<\/p>\n","protected":false},"author":2,"featured_media":30477,"comment_status":"open","ping_status":"open","sticky":false,"template":"","format":"standard","meta":{"footnotes":""},"categories":[83,56],"tags":[],"class_list":["post-30476","post","type-post","status-publish","format-standard","has-post-thumbnail","hentry","category-deporte","category-locales"],"_links":{"self":[{"href":"https:\/\/radiosurfm.com\/web\/wp-json\/wp\/v2\/posts\/30476","targetHints":{"allow":["GET"]}}],"collection":[{"href":"https:\/\/radiosurfm.com\/web\/wp-json\/wp\/v2\/posts"}],"about":[{"href":"https:\/\/radiosurfm.com\/web\/wp-json\/wp\/v2\/types\/post"}],"author":[{"embeddable":true,"href":"https:\/\/radiosurfm.com\/web\/wp-json\/wp\/v2\/users\/2"}],"replies":[{"embeddable":true,"href":"https:\/\/radiosurfm.com\/web\/wp-json\/wp\/v2\/comments?post=30476"}],"version-history":[{"count":0,"href":"https:\/\/radiosurfm.com\/web\/wp-json\/wp\/v2\/posts\/30476\/revisions"}],"wp:featuredmedia":[{"embeddable":true,"href":"https:\/\/radiosurfm.com\/web\/wp-json\/wp\/v2\/media\/30477"}],"wp:attachment":[{"href":"https:\/\/radiosurfm.com\/web\/wp-json\/wp\/v2\/media?parent=30476"}],"wp:term":[{"taxonomy":"category","embeddable":true,"href":"https:\/\/radiosurfm.com\/web\/wp-json\/wp\/v2\/categories?post=30476"},{"taxonomy":"post_tag","embeddable":true,"href":"https:\/\/radiosurfm.com\/web\/wp-json\/wp\/v2\/tags?post=30476"}],"curies":[{"name":"wp","href":"https:\/\/api.w.org\/{rel}","templated":true}]}}