{"id":30524,"date":"2025-05-28T14:55:42","date_gmt":"2025-05-28T17:55:42","guid":{"rendered":"https:\/\/radiosurfm.com\/web\/?p=30524"},"modified":"2025-05-28T14:55:42","modified_gmt":"2025-05-28T17:55:42","slug":"el-gobierno-se-despega-del-proyecto-para-ampliar-la-corte-pero-avanza-con-las-vacantes-de-la-agn","status":"publish","type":"post","link":"https:\/\/radiosurfm.com\/web\/2025\/05\/28\/el-gobierno-se-despega-del-proyecto-para-ampliar-la-corte-pero-avanza-con-las-vacantes-de-la-agn\/","title":{"rendered":"El Gobierno se despega del proyecto para ampliar la Corte pero avanza con las vacantes de la AGN"},"content":{"rendered":"<p><b>El Senado reactivar\u00e1 este mi\u00e9rcoles el debate para ampliar la Corte Suprema con ocho proyectos sobre la mesa, incluido uno impulsado por el senador aliado Juan Carlos Romero.<\/b>\u00a0Aunque inicialmente algunos senadores del oficialismo vieron con buenos ojos la iniciativa,\u00a0<b>en la Casa Rosada toman distancia y aclaran que no hay urgencia para avanzar con esa reforma en el corto plazo.\u00a0<\/b>Sin embargo, el Gobierno aprovecha el impulso para meterse de lleno en otra disputa: el reparto de cargos en la Auditor\u00eda General de la Naci\u00f3n (AGN). La semana pasada, Mart\u00edn Menem, a trav\u00e9s de los diputados libertarios, present\u00f3 un proyecto para cubrir vacantes en el organismo y quedarse con un lugar m\u00e1s para la C\u00e1mara de Diputados en detrimento del Senado. Karina Milei empuj\u00f3 las gestiones para acelerar su tratamiento, justo cuando la C\u00e1mara alta tambi\u00e9n se prepara para legislar sobre la composici\u00f3n de la AGN.<b>\u00a0El as del DNU bajo la manga\u00a0 que teme la oposici\u00f3n.<\/b><\/p>\n<p>Tras el rev\u00e9s parlamentario que, dos meses atr\u00e1s, frustr\u00f3 las designaciones por decreto de los jueces Ariel Lijo y Manuel Jos\u00e9 Garc\u00eda Mansilla, el Senado vuelve a la carga con la reforma de la Corte Suprema<b>. La discusi\u00f3n comenzar\u00e1 formalmente este mediod\u00eda en un plenario conjunto de las comisiones de Asuntos Constitucionales y Justicia, aunque despierta pocas expectativas.\u00a0<\/b>En Balcarce 50 le quitaron la venia al proyecto de Juan Carlos Romero y aseguran que \u201cse cort\u00f3 solo\u201d.<b>\u00a0La iniciativa del salte\u00f1o fue presentada al d\u00eda siguiente de la ca\u00edda de Ficha Limpia y contempla una de las demandas del peronismo: la ampliaci\u00f3n del m\u00e1ximo tribunal.<\/b><\/p>\n<p>M\u00e1s all\u00e1 de las coincidencias en el objetivo, hay matices que marcan distancia.\u00a0<b>Uni\u00f3n por la Patria volver\u00e1 a presentar el proyecto de la rionegrina Silvia Sapag, que propone elevar a quince el n\u00famero de jueces y que obtuvo media sanci\u00f3n en el gobierno anterior.\u00a0<\/b>Para el interbloque peronista hay dos condiciones clave: que la nueva composici\u00f3n refleje el federalismo y garantice la paridad de g\u00e9nero. En ese sentido, tambi\u00e9n se suma el proyecto de la salte\u00f1a Nora del Valle Gim\u00e9nez, que incorpora de manera expl\u00edcita el principio de equidad.<\/p>\n<p>Sin embargo, en UxP tambi\u00e9n se mostraron cautelosos. \u201cNo vamos a tomar como oficial un proyecto de un aliado. Si quieren ampliar la Corte, que vengan a presentar su proyecto\u201d, dijo a\u00a0<b>P\u00e1gina\/12<\/b>\u00a0un senador del bloque.<b>\u00a0La desconfianza no es casual: ninguna voz del Gobierno se adjudic\u00f3 la jugada, m\u00e1s all\u00e1 de la expresi\u00f3n de deseo del ministro Mariano C\u00faneo Libarona sobre la conveniencia de sumar miembros al tribunal<\/b>. En la Casa Rosada hay acuerdo sobre la necesidad de ampliar la Corte y cubrir las m\u00e1s de 200 vacantes de la justicia federal, pero no hay consenso sobre los tiempos, la estrategia ni los nombres. Por eso, en el oficialismo no descartan que la discusi\u00f3n se dilate hasta despu\u00e9s de las elecciones.<\/p>\n<p>Desde fines de 2021, el tribunal funciona con solo cuatro integrantes, tras la salida de Elena Highton de Nolasco, que no tuvo reemplazo. En diciembre pasado se sum\u00f3 la renuncia de Juan Carlos Maqueda al alcanzar la edad l\u00edmite. Desde entonces, el m\u00e1ximo tribunal opera con solo tres miembros. La discusi\u00f3n por su composici\u00f3n volvi\u00f3 a foja cero con la ca\u00edda de los pliegos de los jueces Lijo y Mansilla y ser\u00e1 un abordaje abstracto mientras el oficialismo no defina nuevos postulantes.<\/p>\n<div class=\"slot-available\"><\/div>\n<p><strong>Un plan para neutralizar la AGN<\/strong><\/p>\n<p><b>Este mi\u00e9rcoles se mover\u00e1n fichas tanto en el Senado como en Diputados para romper la par\u00e1lisis de la Auditor\u00eda General de la Naci\u00f3n, el \u00fanico cuerpo habilitado para poner la lupa sobre la administraci\u00f3n p\u00fablica<\/b>. En la C\u00e1mara baja est\u00e1 prevista a las diez de la ma\u00f1ana una reuni\u00f3n de la comisi\u00f3n de Asuntos Constitucionales. La secretaria general de la Presidencia, Karina Milei, respalda la iniciativa de Mart\u00edn Menem, que le arrebata una silla al Senado. \u201cUn plan destinado a ensuciar las negociaciones\u201d, coinciden dirigentes de varios bloques.<\/p>\n<p>La maniobra de los libertarios se activ\u00f3 cuando la semana pasada la oposici\u00f3n en Diputados se encaminaba a completar sus vacantes con Juan Ignacio Forl\u00f3n y Emilio Monz\u00f3.\u00a0<b>El apuro responde a una l\u00f3gica clara: si el oficialismo logra la media sanci\u00f3n en alguna de las c\u00e1maras, podr\u00eda neutralizar el avance de la oposici\u00f3n. \u201cSi ellos tienen media sanci\u00f3n en una de las c\u00e1maras, frenan las designaciones de la Auditor\u00eda. Lo hacen para que no haya AGN hasta diciembre, con la nueva composici\u00f3n del Congreso\u201d<\/b>, explic\u00f3 con resignaci\u00f3n una diputada en di\u00e1logo con este diario.<\/p>\n<p>En Diputados, el oficialismo buscar\u00e1 recuperar el control de una negociaci\u00f3n que se les fue de las manos aunque la oposici\u00f3n desestima la jugada: \u201cva a avanzar en el Senado, y lo que salga de all\u00e1 vendr\u00e1 para ac\u00e1\u201d, explicaron. En Uni\u00f3n por la Patria reaccionaron con sorpresa: \u201cQuieren dictaminar sin consultar nada a nadie\u201d.<b>\u00a0La desconfianza hacia las maniobras libertarias es total. A tal punto que un diputado de opositor arriesg\u00f3: \u201cEl Gobierno va a avanzar por DNU, modificando la estructura y haciendo la AGN unipersonal\u201d.\u00a0<\/b>La presunci\u00f3n, basada en informaci\u00f3n que el legislador asegura haber escuchado, plantea un escenario en el que el Ejecutivo saldar\u00eda la discusi\u00f3n por decreto y transformar\u00eda la Auditor\u00eda: de un cuerpo colegiado de siete miembros, a una sola figura.<\/p>\n<p>Hoy ninguna de esas seis vacantes est\u00e1 ocupada. Las tres que corresponden a Diputados y las tres del Senado vencieron el pasado 31 de marzo. Actualmente, la AGN solo tiene a su presidente en funciones, Juan Manuel Olmos. En un principio, la estrategia de los libertarios consist\u00eda en negociar en conjunto la ampliaci\u00f3n de la Corte y las vacantes en la AGN, bajo la l\u00f3gica de que, a m\u00e1s cargos para repartir, m\u00e1s f\u00e1ciles ser\u00edan las negociaciones. Pero el tablero pol\u00edtico se desorden\u00f3.<\/p>\n<div class=\"slot-available\"><\/div>\n<p>Una de las propuestas que el interbloque de Uni\u00f3n por la Patria en la C\u00e1mara alta tiene en carpeta para cuando se cierre el debate por la Corte apunta a reformar el esquema de la Auditor\u00eda General de la Naci\u00f3n. Impulsada por los senadores Jos\u00e9 Mayans, Juliana Di Tullio y Anabel Fern\u00e1ndez Sagasti, la iniciativa plantea una reconfiguraci\u00f3n del organismo con ocho auditores \u2014cuatro por cada c\u00e1mara\u2014 adem\u00e1s del presidente, y reduce a la mitad la duraci\u00f3n de los mandatos, llev\u00e1ndolos de ocho a cuatro a\u00f1os. El salte\u00f1o Juan Carlos Romero tambi\u00e9n present\u00f3 una iniciativa que tiene coincidencias. Su propuesta es mantener las seis sillas actuales pero acortar los mandatos. Ambos proyectos, que est\u00e1n alineados, podr\u00edan sintetizarse en uno solo.<\/p>\n<p>En los pasillos del Congreso algunos ya la se\u00f1alan como una posible salida al bloqueo en Diputados, donde La Libertad Avanza, el PRO y UP pujan por quedarse con un lugar, mientras intentan desplazar a Mario Negri, el candidato propuesto por la UCR.<\/p>\n<p>Al cierre de esta edici\u00f3n, el diputado Fernando Carbajal, del bloque Democracia para Siempre, present\u00f3 su propio proyecto para reformar el mecanismo de designaci\u00f3n de la Auditor\u00eda General de la Naci\u00f3n. Aunque mantiene el esquema actual de tres auditores por c\u00e1mara y no propone modificaciones sobre la duraci\u00f3n del mandato, introduce un cambio clave en la forma de elecci\u00f3n: plantea que se confeccione una lista con todos los candidatos propuestos y que la votaci\u00f3n se realice en el recinto, permitiendo que cada legislador elija a un solo candidato. Los tres m\u00e1s votados ser\u00edan entonces los designados.<\/p>\n","protected":false},"excerpt":{"rendered":"<p>El Senado reactivar\u00e1 este mi\u00e9rcoles el debate para ampliar la Corte Suprema con ocho proyectos sobre la mesa, incluido uno impulsado por el senador aliado Juan Carlos Romero.\u00a0Aunque inicialmente algunos senadores del oficialismo vieron con buenos ojos la iniciativa,\u00a0en la Casa Rosada toman distancia y aclaran que no hay urgencia para avanzar con esa reforma [&hellip;]<\/p>\n","protected":false},"author":2,"featured_media":30525,"comment_status":"open","ping_status":"open","sticky":false,"template":"","format":"standard","meta":{"footnotes":""},"categories":[64],"tags":[],"class_list":["post-30524","post","type-post","status-publish","format-standard","has-post-thumbnail","hentry","category-nacionales"],"_links":{"self":[{"href":"https:\/\/radiosurfm.com\/web\/wp-json\/wp\/v2\/posts\/30524","targetHints":{"allow":["GET"]}}],"collection":[{"href":"https:\/\/radiosurfm.com\/web\/wp-json\/wp\/v2\/posts"}],"about":[{"href":"https:\/\/radiosurfm.com\/web\/wp-json\/wp\/v2\/types\/post"}],"author":[{"embeddable":true,"href":"https:\/\/radiosurfm.com\/web\/wp-json\/wp\/v2\/users\/2"}],"replies":[{"embeddable":true,"href":"https:\/\/radiosurfm.com\/web\/wp-json\/wp\/v2\/comments?post=30524"}],"version-history":[{"count":0,"href":"https:\/\/radiosurfm.com\/web\/wp-json\/wp\/v2\/posts\/30524\/revisions"}],"wp:featuredmedia":[{"embeddable":true,"href":"https:\/\/radiosurfm.com\/web\/wp-json\/wp\/v2\/media\/30525"}],"wp:attachment":[{"href":"https:\/\/radiosurfm.com\/web\/wp-json\/wp\/v2\/media?parent=30524"}],"wp:term":[{"taxonomy":"category","embeddable":true,"href":"https:\/\/radiosurfm.com\/web\/wp-json\/wp\/v2\/categories?post=30524"},{"taxonomy":"post_tag","embeddable":true,"href":"https:\/\/radiosurfm.com\/web\/wp-json\/wp\/v2\/tags?post=30524"}],"curies":[{"name":"wp","href":"https:\/\/api.w.org\/{rel}","templated":true}]}}