{"id":30531,"date":"2025-05-30T13:24:41","date_gmt":"2025-05-30T16:24:41","guid":{"rendered":"https:\/\/radiosurfm.com\/web\/?p=30531"},"modified":"2025-05-30T13:24:41","modified_gmt":"2025-05-30T16:24:41","slug":"comision-de-legislacion-del-hcd-por-mayoria-consultara-a-asesoria-letrada-por-exegesis-de-reglamento-interno","status":"publish","type":"post","link":"https:\/\/radiosurfm.com\/web\/2025\/05\/30\/comision-de-legislacion-del-hcd-por-mayoria-consultara-a-asesoria-letrada-por-exegesis-de-reglamento-interno\/","title":{"rendered":"Comisi\u00f3n de Legislaci\u00f3n del HCD por mayor\u00eda consultar\u00e1 a Asesor\u00eda Letrada por ex\u00e9gesis de Reglamento Interno"},"content":{"rendered":"<p>Con el acompa\u00f1amiento de los cuatro concejales oficialistas que integran la Comisi\u00f3n de Legislaci\u00f3n: Marcelo Frattini, Sebasti\u00e1n Mazzaro, Jos\u00e9 Novello y Vivian Merlo, y el no acompa\u00f1amiento de la Concejal justicialista de Uni\u00f3n por la Patria, Lorena P\u00e9rez Carballo, enviar\u00e1n una nota a Asesor\u00eda Letrada solicit\u00e1ndole un dictamen sobre lo acontecido en la Sesi\u00f3n del d\u00eda 23 de abril. Adem\u00e1s, archivaron el proyecto de ordenanza sobre la creaci\u00f3n de la mesa de soberan\u00eda y seguimiento alimentario.<\/p>\n<p>Se produjo un intenso debate, ya que como se recordar\u00e1 no se aprob\u00f3 el acta de la sesi\u00f3n del d\u00eda mi\u00e9rcoles 23 de abril, debido a que se produjo la continuidad de la discusi\u00f3n de la ex\u00e9gesis del art\u00edculo 30 inciso 12 y 18 del reglamento interno del HCD, que refiere a la administraci\u00f3n del presupuesto del Concejo, que en su momento termin\u00f3 con una votaci\u00f3n de 8 a 7 a favor del oficialismo, pero, a ex\u00e9gesis del presidente Cassani (h) no result\u00f3 aprobado \u201cpor no alcanzar los dos tercios del Cuerpo\u201d como se requer\u00eda seg\u00fan lo establecido en el art\u00edculo 182 de la Carta Org\u00e1nica, y que por otro lado quienes lo impulsaron argumentaron que no era una modificaci\u00f3n sino una interpretaci\u00f3n.<\/p>\n<p>Ese debate se traslad\u00f3 a la Comisi\u00f3n de Legislaci\u00f3n, argumentando Lorena P\u00e9rez Carballo que no era necesaria una nota de la Comisi\u00f3n para pedir la opini\u00f3n de Asesor\u00eda Letrada, y que lo l\u00f3gico era que se recurriera a la Justicia.<\/p>\n","protected":false},"excerpt":{"rendered":"<p>Con el acompa\u00f1amiento de los cuatro concejales oficialistas que integran la Comisi\u00f3n de Legislaci\u00f3n: Marcelo Frattini, Sebasti\u00e1n Mazzaro, Jos\u00e9 Novello y Vivian Merlo, y el no acompa\u00f1amiento de la Concejal justicialista de Uni\u00f3n por la Patria, Lorena P\u00e9rez Carballo, enviar\u00e1n una nota a Asesor\u00eda Letrada solicit\u00e1ndole un dictamen sobre lo acontecido en la Sesi\u00f3n del [&hellip;]<\/p>\n","protected":false},"author":2,"featured_media":30532,"comment_status":"open","ping_status":"open","sticky":false,"template":"","format":"standard","meta":{"footnotes":""},"categories":[56,66],"tags":[],"class_list":["post-30531","post","type-post","status-publish","format-standard","has-post-thumbnail","hentry","category-locales","category-politica-nacionales"],"_links":{"self":[{"href":"https:\/\/radiosurfm.com\/web\/wp-json\/wp\/v2\/posts\/30531","targetHints":{"allow":["GET"]}}],"collection":[{"href":"https:\/\/radiosurfm.com\/web\/wp-json\/wp\/v2\/posts"}],"about":[{"href":"https:\/\/radiosurfm.com\/web\/wp-json\/wp\/v2\/types\/post"}],"author":[{"embeddable":true,"href":"https:\/\/radiosurfm.com\/web\/wp-json\/wp\/v2\/users\/2"}],"replies":[{"embeddable":true,"href":"https:\/\/radiosurfm.com\/web\/wp-json\/wp\/v2\/comments?post=30531"}],"version-history":[{"count":0,"href":"https:\/\/radiosurfm.com\/web\/wp-json\/wp\/v2\/posts\/30531\/revisions"}],"wp:featuredmedia":[{"embeddable":true,"href":"https:\/\/radiosurfm.com\/web\/wp-json\/wp\/v2\/media\/30532"}],"wp:attachment":[{"href":"https:\/\/radiosurfm.com\/web\/wp-json\/wp\/v2\/media?parent=30531"}],"wp:term":[{"taxonomy":"category","embeddable":true,"href":"https:\/\/radiosurfm.com\/web\/wp-json\/wp\/v2\/categories?post=30531"},{"taxonomy":"post_tag","embeddable":true,"href":"https:\/\/radiosurfm.com\/web\/wp-json\/wp\/v2\/tags?post=30531"}],"curies":[{"name":"wp","href":"https:\/\/api.w.org\/{rel}","templated":true}]}}