{"id":30540,"date":"2025-05-30T13:32:56","date_gmt":"2025-05-30T16:32:56","guid":{"rendered":"https:\/\/radiosurfm.com\/web\/?p=30540"},"modified":"2025-05-30T13:32:56","modified_gmt":"2025-05-30T16:32:56","slug":"cristina-kirchner-desembarca-en-corrientes-y-busca-alinear-al-pj-detras-de-la-candidatura-de-martin-ascua","status":"publish","type":"post","link":"https:\/\/radiosurfm.com\/web\/2025\/05\/30\/cristina-kirchner-desembarca-en-corrientes-y-busca-alinear-al-pj-detras-de-la-candidatura-de-martin-ascua\/","title":{"rendered":"Cristina Kirchner desembarca en Corrientes y busca alinear al PJ detr\u00e1s de la candidatura de Mart\u00edn Asc\u00faa"},"content":{"rendered":"<p>La ex presidenta y actual titular del Partido Justicialista (PJ) Cristina Kirchner se pone al frente de la campa\u00f1a en Corrientes y viaja a la provincia del nordeste argentino el s\u00e1bado 7 de junio para respaldar la candidatura a gobernador del actual intendente de la localidad de Paso de los Libres, Mart\u00edn \u201cTincho\u201d Asc\u00faa.<\/p>\n<p>\u201cAtenci\u00f3n, guard\u00e1 la fecha | El s\u00e1bado 7 de junio, Cristina Kirchner y yo tenemos un encuentro con toda la gente decente que sue\u00f1a con una Corrientes con oportunidades y sin corrupci\u00f3n. \u00a1No te lo pierdas!\u201d, escribi\u00f3 Asc\u00faa en redes sociales al promocionar el evento que se llevar\u00e1 a cabo desde las 15 en el Anfiteatro Carlos Gomes.<\/p>\n<p>El Consejo Nacional del Partido Justicialista hab\u00eda apoyado el martes pasado la candidatura de Asc\u00faa durante una reuni\u00f3n presidida por Fern\u00e1ndez de Kirchner en la sede partidaria de la calle Matheu 130, que tuvo como objetivo evaluar la &#8220;situaci\u00f3n pol\u00edtica y electoral&#8221; del pa\u00eds.<\/p>\n<p>La visita de la ex jefa de Estado a Paso de los Libres fue confirmada por la titular del PJ correntino y ex senadora Ana Almir\u00f3n, quien asegur\u00f3 que CFK se mostr\u00f3 \u201cpreocupada\u201d por el temporal en esa jurisdicci\u00f3n y destac\u00f3 la intenci\u00f3n de la ex mandataria de que el peronismo \u201cgobierne\u201d la provincia ubicada en la Regi\u00f3n del Litoral.<\/p>\n<p>Las elecciones a gobernador en Corrientes, previstas para el 31 de agosto, se perfilan como una disputa clave. El actual mandatario provincial y presidente de la UCR local, Gustavo Vald\u00e9s, no puede buscar la reelecci\u00f3n, pero mantiene su influencia dentro del escenario pol\u00edtico correntino.<\/p>\n<p>En la alianza oficialista existen varios posibles postulantes a suceder al actual gobernador, como su hermano, Juan Pablo Vald\u00e9s, el actual intendente de la ciudad de Corrientes, Eduardo Tassano, y el senador nacional, Eduardo Vischi.<\/p>\n","protected":false},"excerpt":{"rendered":"<p>La ex presidenta y actual titular del Partido Justicialista (PJ) Cristina Kirchner se pone al frente de la campa\u00f1a en Corrientes y viaja a la provincia del nordeste argentino el s\u00e1bado 7 de junio para respaldar la candidatura a gobernador del actual intendente de la localidad de Paso de los Libres, Mart\u00edn \u201cTincho\u201d Asc\u00faa. \u201cAtenci\u00f3n, [&hellip;]<\/p>\n","protected":false},"author":2,"featured_media":30050,"comment_status":"open","ping_status":"open","sticky":false,"template":"","format":"standard","meta":{"footnotes":""},"categories":[66,72],"tags":[],"class_list":["post-30540","post","type-post","status-publish","format-standard","has-post-thumbnail","hentry","category-politica-nacionales","category-provinciales"],"_links":{"self":[{"href":"https:\/\/radiosurfm.com\/web\/wp-json\/wp\/v2\/posts\/30540","targetHints":{"allow":["GET"]}}],"collection":[{"href":"https:\/\/radiosurfm.com\/web\/wp-json\/wp\/v2\/posts"}],"about":[{"href":"https:\/\/radiosurfm.com\/web\/wp-json\/wp\/v2\/types\/post"}],"author":[{"embeddable":true,"href":"https:\/\/radiosurfm.com\/web\/wp-json\/wp\/v2\/users\/2"}],"replies":[{"embeddable":true,"href":"https:\/\/radiosurfm.com\/web\/wp-json\/wp\/v2\/comments?post=30540"}],"version-history":[{"count":0,"href":"https:\/\/radiosurfm.com\/web\/wp-json\/wp\/v2\/posts\/30540\/revisions"}],"wp:featuredmedia":[{"embeddable":true,"href":"https:\/\/radiosurfm.com\/web\/wp-json\/wp\/v2\/media\/30050"}],"wp:attachment":[{"href":"https:\/\/radiosurfm.com\/web\/wp-json\/wp\/v2\/media?parent=30540"}],"wp:term":[{"taxonomy":"category","embeddable":true,"href":"https:\/\/radiosurfm.com\/web\/wp-json\/wp\/v2\/categories?post=30540"},{"taxonomy":"post_tag","embeddable":true,"href":"https:\/\/radiosurfm.com\/web\/wp-json\/wp\/v2\/tags?post=30540"}],"curies":[{"name":"wp","href":"https:\/\/api.w.org\/{rel}","templated":true}]}}