{"id":30545,"date":"2025-05-30T13:53:40","date_gmt":"2025-05-30T16:53:40","guid":{"rendered":"https:\/\/radiosurfm.com\/web\/?p=30545"},"modified":"2025-05-30T13:54:00","modified_gmt":"2025-05-30T16:54:00","slug":"30545","status":"publish","type":"post","link":"https:\/\/radiosurfm.com\/web\/2025\/05\/30\/30545\/","title":{"rendered":"El D\u00fao Ortiz-Maciel se presenta oficialmente esta noche en Candilejas"},"content":{"rendered":"<p>C\u00e9sar \u201cTuqui\u201d Ort\u00edz y Mariano Maciel decidieron volver a encontrarse y transitar juntos el camino de la m\u00fasica. Este viernes, a las 21.30 horas, en la sala del Teatro Candilejas, dos de los fundadores de Ambo\u00e9, ofrecer\u00e1n al p\u00fablico un espect\u00e1culo musical que denominaron \u201cEl reencuentro\u201d y al que sumar\u00e1n la voz de Diego R\u00edos. \u201cEs una etapa nueva porque vamos a empezar a incursionar en el canto, no solamente va a ser instrumental nuestra parte del d\u00fao, sino que tambi\u00e9n comenzamos a cantar, as\u00ed que vamos a cantar entre los tres, van a ser tres voces\u201d, dijo Maciel.<\/p>\n<p>Despu\u00e9s de muchos a\u00f1os de transitar por caminos diferentes, la m\u00fasica los vuelve a juntar como en la ni\u00f1ez y la juventud, y este viernes, a partir de las 21,30 horas, C\u00e9sar \u201cTuqui\u201d Ort\u00edz y Mariano Maciel har\u00e1n su presentaci\u00f3n en sociedad en el Teatro Vocacional Candilejas de Goya.<\/p>\n<p>Ambos conformaron el d\u00fao \u201cOrtiz -Maciel\u201d y esta noche en la sala de calle San Mart\u00edn 451 ofrecer\u00e1n al p\u00fablico un espect\u00e1culo musical (la entrada tiene un valor de $ 6.000) que denominaron \u201cEl reencuentro\u201d y al que sumar\u00e1n la voz del ex \u201cEmboyere\u201d Diego R\u00edos.<\/p>\n<p>\u201cCon Tuki nos conocemos hace casi 40 a\u00f1os cuando \u00edbamos a la Academia de Orlando Ortiz. Ah\u00ed conformamos un grupo de ni\u00f1os que recorr\u00edamos distintos escenarios, fiestas parroquiales, escuelas, festivales, los emblem\u00e1ticos festivales de los Bomberos que se hac\u00edan en el verano en Matienzo. Hemos debutado en la Fiesta Nacional del Surub\u00ed, en El Flotante, cuando se hac\u00eda en la Costanera. Recuerdo que esa noche de mucho fr\u00edo estuvo Teresa Parodi, cuando estaba en su esplendor m\u00e1ximo, hab\u00eda salido Consagraci\u00f3n Cosqu\u00edn\u201d, memora Mariano Maciel.<\/p>\n<p>En di\u00e1logo conRadio Power, el talentoso guitarrista y compositor repas\u00f3 muchos momentos de su carrera musical, entre ellos la fundaci\u00f3n de la emblem\u00e1tica banda goyana Amboe que recientemente celebr\u00f3 sus 30 a\u00f1os.<\/p>\n<p>As\u00ed, cont\u00f3 que junto al gran acordeonista \u201cTuky\u201d Ortiz \u201chemos tenido la oportunidad de fundar Ambo\u00e9, siendo muy j\u00f3venes, 15, 16 a\u00f1os, sin m\u00e1s inter\u00e9s que hacer m\u00fasica, pasarla bien, con toda la energ\u00eda de la juventud. A ellos se sumaron dos integrantes m\u00e1s, (Rogelio Chiappe y Marcelo \u201cMate\u201d Acosta) y comenzamos a recorrer los escenarios locales. Se volvi\u00f3 a repetir un poco la historia de ni\u00f1os, y nunca pensamos que nuestra m\u00fasica de Ambo\u00e9 iba a trascender como trascendi\u00f3.<\/p>\n<p>Con esa banda, fueron consagraci\u00f3n en Cosqu\u00edn y recorrieron escenarios nacionales e internacionales durante 15 a\u00f1os. En una nueva etapa \u201cTuky integr\u00f3 distintas agrupaciones y recorri\u00f3 variados escenarios nacionales y fue parte de una gira internacional por Estados Unidos.<\/p>\n<p>Mariano, en tanto, en formato solista, concret\u00f3 giras por Espa\u00f1a, Portugal y Colombia. Adem\u00e1s de grabar 2 \u00e1lbumes con muchas composiciones propias.<\/p>\n<p><b>ESPECTACULO EN CANDILEJAS<\/b><\/p>\n<p>Ahora, la m\u00fasica los vuelve a juntar. Como en sus mejores noches la gente de Candilejas va a ofrecer gastronom\u00eda (empanadas, bebidas) con mesas para que la gente est\u00e9 c\u00f3moda.<\/p>\n<p>La presentaci\u00f3n estar\u00e1 a cargo del profesor y doctor en Literatura, Miguel Barrios de Esquina, luego de lo cual subir\u00e1n al escenario Ortiz y Maciel que interpretar\u00e1n composiciones propias y \u201calgunas reminiscencias de canciones de lo que fue Ambo\u00e9\u201d.<\/p>\n<p>Los acompa\u00f1ar\u00e1 con su voz Diego R\u00edos \u201cDiego es goyano, ha sido integrante del grupo Emboyer\u00e9, ha tenido experiencias en varias bandas, ha hecho giras por Estados Unidos, tiene tambi\u00e9n un camino muy interesante recorrido, y creo que se ha dado todo como quer\u00edamos, de manera muy natural. No es nada forzado, es algo que quer\u00edamos hacerlo, y la vida nos ha vuelto a reencontrar para subir a un escenario\u201d, remarc\u00f3 Mariano Maciel.<\/p>\n<p><b>NUEVA ETAPA<\/b><\/p>\n<p>\u201cEs una etapa nueva porque vamos a empezar a incursionar en el canto, no solamente va a ser instrumental nuestra parte del d\u00fao, sino que tambi\u00e9n comenzamos a cantar, as\u00ed que vamos a cantar los tres, van a ser tres voces\u201d, anunci\u00f3 el licenciado en Artes Musicales.<\/p>\n<p>Expres\u00f3 tambi\u00e9n que interpretar\u00e1n canciones emblem\u00e1ticas de Juli\u00e1n Zini y otros grandes cantautores correntinos, entre ellas \u201cLa Goya\u201d, una canci\u00f3n que habla de nuestra ciudad con letra de Yayo Caceres y m\u00fasica del propio Maciel \u201cDios dir\u00e1 a d\u00f3nde nos deparar\u00e1 el destino hoy en d\u00eda, que es una \u00e9poca diferente, pero que volvemos a las ra\u00edces, volvemos al chamam\u00e9, con canciones propias y muchas canciones tradicionales que la gente conoce, con una impronta que nos dieron los a\u00f1os\u201d, cerr\u00f3 Mariano Maciel.-<\/p>\n","protected":false},"excerpt":{"rendered":"<p>C\u00e9sar \u201cTuqui\u201d Ort\u00edz y Mariano Maciel decidieron volver a encontrarse y transitar juntos el camino de la m\u00fasica. Este viernes, a las 21.30 horas, en la sala del Teatro Candilejas, dos de los fundadores de Ambo\u00e9, ofrecer\u00e1n al p\u00fablico un espect\u00e1culo musical que denominaron \u201cEl reencuentro\u201d y al que sumar\u00e1n la voz de Diego R\u00edos. [&hellip;]<\/p>\n","protected":false},"author":2,"featured_media":30546,"comment_status":"open","ping_status":"open","sticky":false,"template":"","format":"standard","meta":{"footnotes":""},"categories":[67,56],"tags":[],"class_list":["post-30545","post","type-post","status-publish","format-standard","has-post-thumbnail","hentry","category-cultura","category-locales"],"_links":{"self":[{"href":"https:\/\/radiosurfm.com\/web\/wp-json\/wp\/v2\/posts\/30545","targetHints":{"allow":["GET"]}}],"collection":[{"href":"https:\/\/radiosurfm.com\/web\/wp-json\/wp\/v2\/posts"}],"about":[{"href":"https:\/\/radiosurfm.com\/web\/wp-json\/wp\/v2\/types\/post"}],"author":[{"embeddable":true,"href":"https:\/\/radiosurfm.com\/web\/wp-json\/wp\/v2\/users\/2"}],"replies":[{"embeddable":true,"href":"https:\/\/radiosurfm.com\/web\/wp-json\/wp\/v2\/comments?post=30545"}],"version-history":[{"count":0,"href":"https:\/\/radiosurfm.com\/web\/wp-json\/wp\/v2\/posts\/30545\/revisions"}],"wp:featuredmedia":[{"embeddable":true,"href":"https:\/\/radiosurfm.com\/web\/wp-json\/wp\/v2\/media\/30546"}],"wp:attachment":[{"href":"https:\/\/radiosurfm.com\/web\/wp-json\/wp\/v2\/media?parent=30545"}],"wp:term":[{"taxonomy":"category","embeddable":true,"href":"https:\/\/radiosurfm.com\/web\/wp-json\/wp\/v2\/categories?post=30545"},{"taxonomy":"post_tag","embeddable":true,"href":"https:\/\/radiosurfm.com\/web\/wp-json\/wp\/v2\/tags?post=30545"}],"curies":[{"name":"wp","href":"https:\/\/api.w.org\/{rel}","templated":true}]}}