{"id":30550,"date":"2025-05-30T14:09:17","date_gmt":"2025-05-30T17:09:17","guid":{"rendered":"https:\/\/radiosurfm.com\/web\/?p=30550"},"modified":"2025-05-30T14:09:17","modified_gmt":"2025-05-30T17:09:17","slug":"paso-de-la-patria-a-pura-tradicion","status":"publish","type":"post","link":"https:\/\/radiosurfm.com\/web\/2025\/05\/30\/paso-de-la-patria-a-pura-tradicion\/","title":{"rendered":"Paso de la Patria, a pura tradici\u00f3n"},"content":{"rendered":"<p>Este 31 de mayo y 1 de junio, Paso de la Patria ser\u00e1 nuevamente escenario de uno de los eventos gastron\u00f3micos y culturales m\u00e1s esperados de la regi\u00f3n. La cita es en el M\u00e9dano Hist\u00f3rico, donde se concentraron vecinos, turistas, cocineros, gauchos, jinetes y familias enteras.<\/p>\n<p>D\u00edas atr\u00e1s se realiz\u00f3 la presentaci\u00f3n y el adelanto de algunas actividades. Estuvieron la Ministra de Turismo, Mar\u00eda Alejandra Elciri; el intendente de Paso de la Patria, Guillermo Osnaghi; el Secretario de Turismo de Paso de la Patria Nahuel Ramos, entre otros.<\/p>\n<p>Competencia gastron\u00f3mica<\/p>\n<p>Entre las principales actividades se destaca la competencia gastron\u00f3mica, a realizarse el d\u00eda s\u00e1bado 31.<\/p>\n<p>Doma y Jineteada<\/p>\n<p>El Domingo 1\u00b0 de Junio Doma y Jineteada con actividades gauchescas, sorteos y competencias de destreza gaucha.<\/p>\n<p>Payadores: Jos\u00e9 Aguirre y Cristian Ben\u00edtez<\/p>\n<p>Relatores: Carlos Dom\u00ednguez y Kuno Luna<\/p>\n<p>FESTIVAL<\/p>\n<p>S\u00e1bado 31 de mayo.<\/p>\n<p>Diego Guti\u00e9rrez, \u00c1ngel Piciochi, La Cubana, Los Vecinos, Los Troperos Del Taragui, Los Tiradores Del Chamam\u00e9, Los Andariegos, y Academias Pase\u00f1as,<\/p>\n<p>Domingo 1 de junio<\/p>\n<p>Ivan Ruiz, Vruno, Los Nuevos Amanecidos, Ariel Gauna, Los Principes De Misiones, Sebasti\u00e1n Y Joaqu\u00edn Cabrera, Los Gemelos Vallejos Y Hermanos Escalante, La Banda Sabrosa, Academias Pase\u00f1as, Nuestro Estilo, Samuelito Y La Fuerza Joven.<\/p>\n","protected":false},"excerpt":{"rendered":"<p>Este 31 de mayo y 1 de junio, Paso de la Patria ser\u00e1 nuevamente escenario de uno de los eventos gastron\u00f3micos y culturales m\u00e1s esperados de la regi\u00f3n. La cita es en el M\u00e9dano Hist\u00f3rico, donde se concentraron vecinos, turistas, cocineros, gauchos, jinetes y familias enteras. D\u00edas atr\u00e1s se realiz\u00f3 la presentaci\u00f3n y el adelanto [&hellip;]<\/p>\n","protected":false},"author":2,"featured_media":30551,"comment_status":"open","ping_status":"open","sticky":false,"template":"","format":"standard","meta":{"footnotes":""},"categories":[67,72],"tags":[],"class_list":["post-30550","post","type-post","status-publish","format-standard","has-post-thumbnail","hentry","category-cultura","category-provinciales"],"_links":{"self":[{"href":"https:\/\/radiosurfm.com\/web\/wp-json\/wp\/v2\/posts\/30550","targetHints":{"allow":["GET"]}}],"collection":[{"href":"https:\/\/radiosurfm.com\/web\/wp-json\/wp\/v2\/posts"}],"about":[{"href":"https:\/\/radiosurfm.com\/web\/wp-json\/wp\/v2\/types\/post"}],"author":[{"embeddable":true,"href":"https:\/\/radiosurfm.com\/web\/wp-json\/wp\/v2\/users\/2"}],"replies":[{"embeddable":true,"href":"https:\/\/radiosurfm.com\/web\/wp-json\/wp\/v2\/comments?post=30550"}],"version-history":[{"count":0,"href":"https:\/\/radiosurfm.com\/web\/wp-json\/wp\/v2\/posts\/30550\/revisions"}],"wp:featuredmedia":[{"embeddable":true,"href":"https:\/\/radiosurfm.com\/web\/wp-json\/wp\/v2\/media\/30551"}],"wp:attachment":[{"href":"https:\/\/radiosurfm.com\/web\/wp-json\/wp\/v2\/media?parent=30550"}],"wp:term":[{"taxonomy":"category","embeddable":true,"href":"https:\/\/radiosurfm.com\/web\/wp-json\/wp\/v2\/categories?post=30550"},{"taxonomy":"post_tag","embeddable":true,"href":"https:\/\/radiosurfm.com\/web\/wp-json\/wp\/v2\/tags?post=30550"}],"curies":[{"name":"wp","href":"https:\/\/api.w.org\/{rel}","templated":true}]}}