{"id":30582,"date":"2025-06-02T10:23:27","date_gmt":"2025-06-02T13:23:27","guid":{"rendered":"https:\/\/radiosurfm.com\/web\/?p=30582"},"modified":"2025-06-02T10:23:27","modified_gmt":"2025-06-02T13:23:27","slug":"un-auto-que-venia-a-goya-choco-contra-un-caballo","status":"publish","type":"post","link":"https:\/\/radiosurfm.com\/web\/2025\/06\/02\/un-auto-que-venia-a-goya-choco-contra-un-caballo\/","title":{"rendered":"Un auto que ven\u00eda a Goya choc\u00f3 contra un caballo"},"content":{"rendered":"<div>Un auto choc\u00f3 el s\u00e1bado a un caballo sobre Ruta Nacional N\u00b0 14, en proximidades de Playa Camiones de la ciudad de Alvear.<\/div>\n<div><\/div>\n<div>Al lugar asisti\u00f3 un m\u00f3vil de la Polic\u00eda tras ser alertado por un viajante que un veh\u00edculo hab\u00eda sufrido un accidente sobre el kil\u00f3metro 602 de RN 14.<\/div>\n<div>Una vez en el lugar se constat\u00f3 que un autom\u00f3vil marca Ford, modelo Ecosport, manejado por un hombre mayor de edad de apellido Magistrali, choc\u00f3 contra un caballo suelto en la ruta.<\/div>\n<div><\/div>\n<div>El conductor es oriundo de Curuz\u00fa Cuati\u00e1 y se dirig\u00eda desde Encarnaci\u00f3n, Paraguay, hasta la ciudad de Goya al momento del accidente.<\/div>\n<div>Solamente se tuvo que lamentar da\u00f1os materiales y el conductor junto a sus acompa\u00f1antes fueron trasladados al hospital local con lesiones leves.<\/div>\n<div><\/div>\n<div>En el lugar se labraron las actas correspondientes y se informa que no hay inconvenientes para transitar ese tramo.<\/div>\n","protected":false},"excerpt":{"rendered":"<p>Un auto choc\u00f3 el s\u00e1bado a un caballo sobre Ruta Nacional N\u00b0 14, en proximidades de Playa Camiones de la ciudad de Alvear. Al lugar asisti\u00f3 un m\u00f3vil de la Polic\u00eda tras ser alertado por un viajante que un veh\u00edculo hab\u00eda sufrido un accidente sobre el kil\u00f3metro 602 de RN 14. Una vez en el [&hellip;]<\/p>\n","protected":false},"author":2,"featured_media":30583,"comment_status":"open","ping_status":"open","sticky":false,"template":"","format":"standard","meta":{"footnotes":""},"categories":[56,68],"tags":[],"class_list":["post-30582","post","type-post","status-publish","format-standard","has-post-thumbnail","hentry","category-locales","category-policiales-nacionales"],"_links":{"self":[{"href":"https:\/\/radiosurfm.com\/web\/wp-json\/wp\/v2\/posts\/30582","targetHints":{"allow":["GET"]}}],"collection":[{"href":"https:\/\/radiosurfm.com\/web\/wp-json\/wp\/v2\/posts"}],"about":[{"href":"https:\/\/radiosurfm.com\/web\/wp-json\/wp\/v2\/types\/post"}],"author":[{"embeddable":true,"href":"https:\/\/radiosurfm.com\/web\/wp-json\/wp\/v2\/users\/2"}],"replies":[{"embeddable":true,"href":"https:\/\/radiosurfm.com\/web\/wp-json\/wp\/v2\/comments?post=30582"}],"version-history":[{"count":0,"href":"https:\/\/radiosurfm.com\/web\/wp-json\/wp\/v2\/posts\/30582\/revisions"}],"wp:featuredmedia":[{"embeddable":true,"href":"https:\/\/radiosurfm.com\/web\/wp-json\/wp\/v2\/media\/30583"}],"wp:attachment":[{"href":"https:\/\/radiosurfm.com\/web\/wp-json\/wp\/v2\/media?parent=30582"}],"wp:term":[{"taxonomy":"category","embeddable":true,"href":"https:\/\/radiosurfm.com\/web\/wp-json\/wp\/v2\/categories?post=30582"},{"taxonomy":"post_tag","embeddable":true,"href":"https:\/\/radiosurfm.com\/web\/wp-json\/wp\/v2\/tags?post=30582"}],"curies":[{"name":"wp","href":"https:\/\/api.w.org\/{rel}","templated":true}]}}