{"id":30585,"date":"2025-06-02T10:28:26","date_gmt":"2025-06-02T13:28:26","guid":{"rendered":"https:\/\/radiosurfm.com\/web\/?p=30585"},"modified":"2025-06-02T10:28:26","modified_gmt":"2025-06-02T13:28:26","slug":"caso-loan-el-fiscal-de-la-investigacion-aseguro-que-el-juicio-oral-podria-comenzar-antes-de-fin-de-ano","status":"publish","type":"post","link":"https:\/\/radiosurfm.com\/web\/2025\/06\/02\/caso-loan-el-fiscal-de-la-investigacion-aseguro-que-el-juicio-oral-podria-comenzar-antes-de-fin-de-ano\/","title":{"rendered":"CASO LOAN:  El fiscal de la investigaci\u00f3n asegur\u00f3 que el juicio oral podr\u00eda comenzar antes de fin de a\u00f1o"},"content":{"rendered":"<div>A casi un a\u00f1o de la desaparici\u00f3n de Loan Danilo Pe\u00f1a en Corrientes, el fiscal de la causa, Adolfo Schaefer, confirm\u00f3 en C5N que el juicio oral contra los 17 detenidos podr\u00eda comenzar antes de diciembre y aclar\u00f3 que la investigaci\u00f3n sobre la b\u00fasqueda del menor sigue activa.<\/div>\n<div>\n<div><\/div>\n<div>\u201cVa a ser un juicio largo, de tres o m\u00e1s meses. Yo me imagino que para fin de a\u00f1o o antes estar\u00edamos haciendo el juicio oral\u201d, adelant\u00f3 el fiscal.<\/div>\n<div>\n<h2 class=\"\">Caso Loan: a casi un a\u00f1o de su desaparici\u00f3n, cu\u00e1ndo empezar\u00e1 el juicio<\/h2>\n<div>En referencia a los detenidos, apunt\u00f3 contra el matrimonio Carlos P\u00e9rez y Mar\u00eda Victoria Caillava, sobre quienes &#8220;est\u00e1 comprobado que son quienes subieron a Loan en su camioneta&#8221;. Detall\u00f3 que ambos podr\u00edan recibir una pena de hasta 15 a\u00f1os acusado de los delitos de sustracci\u00f3n de menores.<\/div>\n<div>\n<div><\/div>\n<div>\u201cLo que dice el Ministerio P\u00fablico en este caso es pedir que se eleve a juicio respecto a los delitos por el cual fueron imputados las siete personas responsables de la sustracci\u00f3n del menor. Es decir, solamente en ese sentido&#8221;, explic\u00f3 en un primer momento Schaefer durante una entrevista en el programa Bien Temprano, conducido por Mariela L\u00f3pez Brown y Bernardo Magnago.<\/div>\n<div>\n<div>En el mismo sentido, remarc\u00f3 que &#8220;los que van a ser juzgados son siete personas que son responsables de la sustracci\u00f3n del menor, delito que tiene una pena de 5 a 15 a\u00f1os. Me gustar\u00eda aclarar que sigue la investigaci\u00f3n sobre d\u00f3nde est\u00e1 Loan\u201d.<\/div>\n<div>\n<div><\/div>\n<div>Con respecto a los detenidos, Schaefer puso foco en la presunta autor\u00eda material del matrimonio P\u00e9rez &#8211; Caillava en la sustracci\u00f3n de Loan: &#8220;Est\u00e1 probado a que la sustrajeron del lugar del hecho. Est\u00e1 acreditado que son quienes subieron al menor en su camioneta, lo constatan las pruebas de los perros de que Loan nunca hab\u00eda salido de la zona cero\u201d.<\/div>\n<\/div>\n<div>\n<div><\/div>\n<div>\u201cDespu\u00e9s incluso se hizo una prueba de ADN de una sangre que estaba en la camioneta de P\u00e9rez y Caillava y que dio positivo de una persona masculina. No se pudo determinar si es de Loan por la escasa cantidad. Se le pide explicaciones a Caillava y dice que esa mancha de sangre supuestamente era de alguien que le hab\u00eda hecho el service\u201d, describi\u00f3 el fiscal en C5N.<\/div>\n<\/div>\n<div>\n<div><\/div>\n<div>En este marco, record\u00f3 que &#8220;al pedir informaci\u00f3n a la casa comercial que vende veh\u00edculos y donde se hacen los service, nos dicen que en ese a\u00f1o no lo hab\u00edan hecho\u201d.<\/div>\n<div><\/div>\n<\/div>\n<\/div>\n<\/div>\n<\/div>\n<\/div>\n","protected":false},"excerpt":{"rendered":"<p>A casi un a\u00f1o de la desaparici\u00f3n de Loan Danilo Pe\u00f1a en Corrientes, el fiscal de la causa, Adolfo Schaefer, confirm\u00f3 en C5N que el juicio oral contra los 17 detenidos podr\u00eda comenzar antes de diciembre y aclar\u00f3 que la investigaci\u00f3n sobre la b\u00fasqueda del menor sigue activa. \u201cVa a ser un juicio largo, de [&hellip;]<\/p>\n","protected":false},"author":2,"featured_media":30586,"comment_status":"open","ping_status":"open","sticky":false,"template":"","format":"standard","meta":{"footnotes":""},"categories":[56,68],"tags":[],"class_list":["post-30585","post","type-post","status-publish","format-standard","has-post-thumbnail","hentry","category-locales","category-policiales-nacionales"],"_links":{"self":[{"href":"https:\/\/radiosurfm.com\/web\/wp-json\/wp\/v2\/posts\/30585","targetHints":{"allow":["GET"]}}],"collection":[{"href":"https:\/\/radiosurfm.com\/web\/wp-json\/wp\/v2\/posts"}],"about":[{"href":"https:\/\/radiosurfm.com\/web\/wp-json\/wp\/v2\/types\/post"}],"author":[{"embeddable":true,"href":"https:\/\/radiosurfm.com\/web\/wp-json\/wp\/v2\/users\/2"}],"replies":[{"embeddable":true,"href":"https:\/\/radiosurfm.com\/web\/wp-json\/wp\/v2\/comments?post=30585"}],"version-history":[{"count":0,"href":"https:\/\/radiosurfm.com\/web\/wp-json\/wp\/v2\/posts\/30585\/revisions"}],"wp:featuredmedia":[{"embeddable":true,"href":"https:\/\/radiosurfm.com\/web\/wp-json\/wp\/v2\/media\/30586"}],"wp:attachment":[{"href":"https:\/\/radiosurfm.com\/web\/wp-json\/wp\/v2\/media?parent=30585"}],"wp:term":[{"taxonomy":"category","embeddable":true,"href":"https:\/\/radiosurfm.com\/web\/wp-json\/wp\/v2\/categories?post=30585"},{"taxonomy":"post_tag","embeddable":true,"href":"https:\/\/radiosurfm.com\/web\/wp-json\/wp\/v2\/tags?post=30585"}],"curies":[{"name":"wp","href":"https:\/\/api.w.org\/{rel}","templated":true}]}}