{"id":30619,"date":"2025-06-03T11:27:07","date_gmt":"2025-06-03T14:27:07","guid":{"rendered":"https:\/\/radiosurfm.com\/web\/?p=30619"},"modified":"2025-06-03T11:27:07","modified_gmt":"2025-06-03T14:27:07","slug":"formula-3-metropolitana-ignacio-vilas-fue-protagonista-en-el-oscar-cabalen","status":"publish","type":"post","link":"https:\/\/radiosurfm.com\/web\/2025\/06\/03\/formula-3-metropolitana-ignacio-vilas-fue-protagonista-en-el-oscar-cabalen\/","title":{"rendered":"F\u00d3RMULA 3 METROPOLITANA: Ignacio Vilas fue protagonista en el Oscar Cabal\u00e9n"},"content":{"rendered":"<div>La F\u00f3rmula 3 Metropolitana pas\u00f3 por le Oscar Cabal\u00e9n de C\u00f3rdoba y el piloto goyano Ignacio Vilas qued\u00f3 dentro del top ten durante las dos finales del fin de semana.<\/div>\n<div><\/div>\n<div>Fue el debut de la categor\u00eda en trazado de 3623 metros y comparti\u00f3 escenario con el Turismo Carretera (TC).<\/div>\n<div>La cuarta fecha tuvo dos finales entretenidas y con lucha por todos los puestos entre los 36 pilotos que participaron de las competencias.<\/div>\n<div><\/div>\n<div>La actividad en pista en el aut\u00f3dromo ubicado en Alta Gracia comenz\u00f3 el viernes con entrenamientos oficiales y la clasificaci\u00f3n.<\/div>\n<div><\/div>\n<div>La primera final fue el s\u00e1bado y Vilas lleg\u00f3 a la bandera a cuadros en la sexta ubicaci\u00f3n. La carrera qued\u00f3 en poder de Ignacio D\u00edaz Morel escoltado por Agust\u00edn Sexe y Benjam\u00edn Traverso.<\/div>\n<div><\/div>\n<div>En la segunda final del fin de semana, el domingo, Vilas del Castro Racing qued\u00f3 en el s\u00e9ptimo lugar. Esta carera la gan\u00f3 Agust\u00edn Fulini, escoltado por Ignacio D\u00edaz Morel y Tiago Chiriotti.<\/div>\n<div><\/div>\n<div>Pasada las primeras cuatro fechas, con ocho finales disputadas, el campeonato de piloto es liderado por Sebasti\u00e1n Caram. Los tres primeros lugares lo completan Francisco Olaverr\u00eda y Thiago Falivene.<\/div>\n<div><\/div>\n<div>El esquinense Benjam\u00edn Traverso aparece en el cuarto lugar y el goyano Ignacio Vilas se ubica en el octavo lugar.<\/div>\n<div><\/div>\n<div>La pr\u00f3xima fecha de la F3 Metropolitana ser\u00e1 el 13 de julio en Concepci\u00f3n del Uruguay, donde la categor\u00eda volver\u00e1 compartir escenario con el Turismo Carretera.<\/div>\n","protected":false},"excerpt":{"rendered":"<p>La F\u00f3rmula 3 Metropolitana pas\u00f3 por le Oscar Cabal\u00e9n de C\u00f3rdoba y el piloto goyano Ignacio Vilas qued\u00f3 dentro del top ten durante las dos finales del fin de semana. Fue el debut de la categor\u00eda en trazado de 3623 metros y comparti\u00f3 escenario con el Turismo Carretera (TC). La cuarta fecha tuvo dos finales [&hellip;]<\/p>\n","protected":false},"author":2,"featured_media":30620,"comment_status":"open","ping_status":"open","sticky":false,"template":"","format":"standard","meta":{"footnotes":""},"categories":[83,56,70],"tags":[],"class_list":["post-30619","post","type-post","status-publish","format-standard","has-post-thumbnail","hentry","category-deporte","category-locales","category-mundo"],"_links":{"self":[{"href":"https:\/\/radiosurfm.com\/web\/wp-json\/wp\/v2\/posts\/30619","targetHints":{"allow":["GET"]}}],"collection":[{"href":"https:\/\/radiosurfm.com\/web\/wp-json\/wp\/v2\/posts"}],"about":[{"href":"https:\/\/radiosurfm.com\/web\/wp-json\/wp\/v2\/types\/post"}],"author":[{"embeddable":true,"href":"https:\/\/radiosurfm.com\/web\/wp-json\/wp\/v2\/users\/2"}],"replies":[{"embeddable":true,"href":"https:\/\/radiosurfm.com\/web\/wp-json\/wp\/v2\/comments?post=30619"}],"version-history":[{"count":0,"href":"https:\/\/radiosurfm.com\/web\/wp-json\/wp\/v2\/posts\/30619\/revisions"}],"wp:featuredmedia":[{"embeddable":true,"href":"https:\/\/radiosurfm.com\/web\/wp-json\/wp\/v2\/media\/30620"}],"wp:attachment":[{"href":"https:\/\/radiosurfm.com\/web\/wp-json\/wp\/v2\/media?parent=30619"}],"wp:term":[{"taxonomy":"category","embeddable":true,"href":"https:\/\/radiosurfm.com\/web\/wp-json\/wp\/v2\/categories?post=30619"},{"taxonomy":"post_tag","embeddable":true,"href":"https:\/\/radiosurfm.com\/web\/wp-json\/wp\/v2\/tags?post=30619"}],"curies":[{"name":"wp","href":"https:\/\/api.w.org\/{rel}","templated":true}]}}