{"id":30639,"date":"2025-06-03T12:01:18","date_gmt":"2025-06-03T15:01:18","guid":{"rendered":"https:\/\/radiosurfm.com\/web\/?p=30639"},"modified":"2025-06-03T12:01:18","modified_gmt":"2025-06-03T15:01:18","slug":"sanchez-marino-de-las-72-comunas-que-estaban-habilitadas-se-adhirieron-71","status":"publish","type":"post","link":"https:\/\/radiosurfm.com\/web\/2025\/06\/03\/sanchez-marino-de-las-72-comunas-que-estaban-habilitadas-se-adhirieron-71\/","title":{"rendered":"S\u00e1nchez Mari\u00f1o: &#8220;De las 72 comunas que estaban habilitadas se adhirieron 71&#8221;"},"content":{"rendered":"<p>El presidente de la Junta Electoral de Corrientes, Gustavo S\u00e1nchez Mari\u00f1o, inform\u00f3 este martes que la adhesi\u00f3n de las localidades habilitadas para elegir intendentes y concejales a la fecha designada por el Ejecutivo Provincial fue casi total.<\/p>\n<p>S\u00e1nchez Mari\u00f1o aclar\u00f3 que \u201canoche a las 12 termin\u00f3 el plazo para adherirse a la elecci\u00f3n del 31 de agosto\u201d, y destac\u00f3 que \u201cde las 72 comunas que estaban habilitadas -para votar- se adhirieron 71. Falt\u00f3 solamente la comunidad de Esquina que seguramente va a ir a elecciones en octubre con las nacionales\u201d.<\/p>\n<p>Adem\u00e1s, el funcionario puntualiz\u00f3 en que \u201cel gobierno convoc\u00f3 a elecciones de autoridades de Cazadores Correntinos y Cecilio Echeverr\u00eda, que son dos comunas que est\u00e1n intervenidas\u201d, dijo en una entrevista a radio Sudamericana.<\/p>\n<p>Otra novedad que dej\u00f3 S\u00e1nchez Mari\u00f1o es sobre el municipio de San Miguel, donde se convoc\u00f3 a las urnas para elegir Juez de Faltas. \u201cEs la primera vez que va a haber un Juez de Faltas electo por la comunidad\u201d. Ya que por lo general son designados por el Poder Ejecutivo o mediante acuerdo con el Consejo Deliberante.<\/p>\n<p>A ra\u00edz de la confirmaci\u00f3n de los municipios, S\u00e1nchez Mari\u00f1o dijo \u201chemos mandado el oficio al Juzgado Federal, para que a su vez lo soliciten a la C\u00e1mara Electoral Nacional que es quien elabora los padrones\u201d. El funcionario estima que \u201cson aproximadamente 3.000 urnas y 300 escuelas estar\u00e1n abocadas a la tarea\u201d.<\/p>\n","protected":false},"excerpt":{"rendered":"<p>El presidente de la Junta Electoral de Corrientes, Gustavo S\u00e1nchez Mari\u00f1o, inform\u00f3 este martes que la adhesi\u00f3n de las localidades habilitadas para elegir intendentes y concejales a la fecha designada por el Ejecutivo Provincial fue casi total. S\u00e1nchez Mari\u00f1o aclar\u00f3 que \u201canoche a las 12 termin\u00f3 el plazo para adherirse a la elecci\u00f3n del 31 [&hellip;]<\/p>\n","protected":false},"author":2,"featured_media":30640,"comment_status":"open","ping_status":"open","sticky":false,"template":"","format":"standard","meta":{"footnotes":""},"categories":[66,72],"tags":[],"class_list":["post-30639","post","type-post","status-publish","format-standard","has-post-thumbnail","hentry","category-politica-nacionales","category-provinciales"],"_links":{"self":[{"href":"https:\/\/radiosurfm.com\/web\/wp-json\/wp\/v2\/posts\/30639","targetHints":{"allow":["GET"]}}],"collection":[{"href":"https:\/\/radiosurfm.com\/web\/wp-json\/wp\/v2\/posts"}],"about":[{"href":"https:\/\/radiosurfm.com\/web\/wp-json\/wp\/v2\/types\/post"}],"author":[{"embeddable":true,"href":"https:\/\/radiosurfm.com\/web\/wp-json\/wp\/v2\/users\/2"}],"replies":[{"embeddable":true,"href":"https:\/\/radiosurfm.com\/web\/wp-json\/wp\/v2\/comments?post=30639"}],"version-history":[{"count":0,"href":"https:\/\/radiosurfm.com\/web\/wp-json\/wp\/v2\/posts\/30639\/revisions"}],"wp:featuredmedia":[{"embeddable":true,"href":"https:\/\/radiosurfm.com\/web\/wp-json\/wp\/v2\/media\/30640"}],"wp:attachment":[{"href":"https:\/\/radiosurfm.com\/web\/wp-json\/wp\/v2\/media?parent=30639"}],"wp:term":[{"taxonomy":"category","embeddable":true,"href":"https:\/\/radiosurfm.com\/web\/wp-json\/wp\/v2\/categories?post=30639"},{"taxonomy":"post_tag","embeddable":true,"href":"https:\/\/radiosurfm.com\/web\/wp-json\/wp\/v2\/tags?post=30639"}],"curies":[{"name":"wp","href":"https:\/\/api.w.org\/{rel}","templated":true}]}}