{"id":30655,"date":"2025-06-04T12:04:29","date_gmt":"2025-06-04T15:04:29","guid":{"rendered":"https:\/\/radiosurfm.com\/web\/?p=30655"},"modified":"2025-06-04T12:04:29","modified_gmt":"2025-06-04T15:04:29","slug":"plus-unificado-cuando-se-cobra","status":"publish","type":"post","link":"https:\/\/radiosurfm.com\/web\/2025\/06\/04\/plus-unificado-cuando-se-cobra\/","title":{"rendered":"Plus Unificado: cu\u00e1ndo se cobra"},"content":{"rendered":"<p>Comienza este jueves 5. Alcanza a activos, jubilados y pensionados de la administraci\u00f3n p\u00fablica provincial, y se extiende hasta el mi\u00e9rcoles 11, inclusive.<\/p>\n<p>El primer tramo comienza este jueves 5, jornada que percibir\u00e1n los agentes con Documento Nacional de Identidad terminados en 0 y 1. El viernes 6, ser\u00e1 el turno de aquellos con DNI terminados en 2 y 3.<\/p>\n<p>El lunes 9 cobrar\u00e1n quienes tengan el documento finalizados en 4 y 5; este tramo estar\u00e1 disponible a trav\u00e9s de homebanking de cada agente de la administraci\u00f3n p\u00fablica provincial y tambi\u00e9n en los cajeros autom\u00e1ticos habilitados por el Banco de Corrientes SA desde el s\u00e1bado 7.<\/p>\n<p>El martes 10, continuar\u00e1 el cronograma con el pago a aquellos agentes con documentos terminados en 6 y 7; y la liquidaci\u00f3n del Adicional Remunerativo Mensual termina el mi\u00e9rcoles 11, d\u00eda que percibir\u00e1n quienes tengan el DNI terminado en 8 y 9.<\/p>\n","protected":false},"excerpt":{"rendered":"<p>Comienza este jueves 5. Alcanza a activos, jubilados y pensionados de la administraci\u00f3n p\u00fablica provincial, y se extiende hasta el mi\u00e9rcoles 11, inclusive. El primer tramo comienza este jueves 5, jornada que percibir\u00e1n los agentes con Documento Nacional de Identidad terminados en 0 y 1. El viernes 6, ser\u00e1 el turno de aquellos con DNI [&hellip;]<\/p>\n","protected":false},"author":2,"featured_media":21788,"comment_status":"open","ping_status":"open","sticky":false,"template":"","format":"standard","meta":{"footnotes":""},"categories":[65,72],"tags":[],"class_list":["post-30655","post","type-post","status-publish","format-standard","has-post-thumbnail","hentry","category-economia","category-provinciales"],"_links":{"self":[{"href":"https:\/\/radiosurfm.com\/web\/wp-json\/wp\/v2\/posts\/30655","targetHints":{"allow":["GET"]}}],"collection":[{"href":"https:\/\/radiosurfm.com\/web\/wp-json\/wp\/v2\/posts"}],"about":[{"href":"https:\/\/radiosurfm.com\/web\/wp-json\/wp\/v2\/types\/post"}],"author":[{"embeddable":true,"href":"https:\/\/radiosurfm.com\/web\/wp-json\/wp\/v2\/users\/2"}],"replies":[{"embeddable":true,"href":"https:\/\/radiosurfm.com\/web\/wp-json\/wp\/v2\/comments?post=30655"}],"version-history":[{"count":0,"href":"https:\/\/radiosurfm.com\/web\/wp-json\/wp\/v2\/posts\/30655\/revisions"}],"wp:featuredmedia":[{"embeddable":true,"href":"https:\/\/radiosurfm.com\/web\/wp-json\/wp\/v2\/media\/21788"}],"wp:attachment":[{"href":"https:\/\/radiosurfm.com\/web\/wp-json\/wp\/v2\/media?parent=30655"}],"wp:term":[{"taxonomy":"category","embeddable":true,"href":"https:\/\/radiosurfm.com\/web\/wp-json\/wp\/v2\/categories?post=30655"},{"taxonomy":"post_tag","embeddable":true,"href":"https:\/\/radiosurfm.com\/web\/wp-json\/wp\/v2\/tags?post=30655"}],"curies":[{"name":"wp","href":"https:\/\/api.w.org\/{rel}","templated":true}]}}