{"id":30657,"date":"2025-06-04T12:13:54","date_gmt":"2025-06-04T15:13:54","guid":{"rendered":"https:\/\/radiosurfm.com\/web\/?p=30657"},"modified":"2025-06-04T12:13:54","modified_gmt":"2025-06-04T15:13:54","slug":"adopcion-tres-ninos-de-corrientes-buscan-una-familia","status":"publish","type":"post","link":"https:\/\/radiosurfm.com\/web\/2025\/06\/04\/adopcion-tres-ninos-de-corrientes-buscan-una-familia\/","title":{"rendered":"Adopci\u00f3n: tres ni\u00f1os de Corrientes buscan una familia"},"content":{"rendered":"<p>El Jugado de Familia, Ni\u00f1ez y Adolescencia N\u00b0 5 lanz\u00f3 una convocatoria p\u00fablica para el pedido de adopci\u00f3n de tres ni\u00f1os en Corrientes. El fuero est\u00e1 a cargo del doctor Edgardo Frutos y el Registro \u00danico de Aspirantes a Guarda con Fines Adoptiva (RUACtes).<\/p>\n<p>Se trata de los ni\u00f1os &#8220;Star&#8221; de 9 a\u00f1os, &#8220;Fer&#8221; de 13 y &#8220;Facu&#8221; de 12. Los tres sue\u00f1an con una familia que le brinde amor, los acompa\u00f1e en su crecimiento y les haga salir de su situaci\u00f3n actual.<\/p>\n<p><strong>\u201cStar\u201d: un ni\u00f1o brillante que sue\u00f1a con las estrellas y busca una familia que lo acompa\u00f1e<\/strong><br \/>\nTiene 9 a\u00f1os y naci\u00f3 el 10 de febrero de 2016. \u00a0Es un ni\u00f1o curioso y afectuoso, apasionado por el universo, el ingl\u00e9s, la inform\u00e1tica y la nataci\u00f3n. Tiene diagn\u00f3stico de TEA, pero eso no le impide llevar una vida activa y aut\u00f3noma, con avances positivos en su desarrollo personal.<\/p>\n<p>siste a una escuela con orientaci\u00f3n acorde a sus necesidades, participa en talleres art\u00edsticos y mantiene una excelente integraci\u00f3n escolar. Su deseo es encontrar una familia que le brinde paciencia, compromiso y contenci\u00f3n, y que adem\u00e1s le permita seguir vinculado con su hermana de 10 a\u00f1os, con quien mantiene una conexi\u00f3n emocional muy importante.<\/p>\n<p><strong>\u201cFer\u201d, de 13 a\u00f1os: la m\u00fasica, el rugby y un fuerte deseo de pertenecer<\/strong><br \/>\n\u201cFer\u201d es un adolescente que naci\u00f3 el 14 de julio de 2011. Es fan\u00e1tico del DJ Fer Palacios y sue\u00f1a con ser m\u00fasico. Le gusta tocar el bajo, quiere aprender teclado y disfruta compartir tiempo con amigos, pescar y practicar rugby.<\/p>\n<p>Asiste a un centro educativo donde avanza en sus aprendizajes, se traslada solo en transporte p\u00fablico y participa activamente en talleres de carpinter\u00eda. Sue\u00f1a con una familia que valore sus gustos y est\u00e9 dispuesta a construir con \u00e9l un v\u00ednculo afectivo fuerte, ya sea como familia adoptiva, referente afectivo o figura tutora.<\/p>\n<p><strong>&#8220;Facu&#8221; de 12 a\u00f1os: bailar\u00edn de alma, en busca de contenci\u00f3n y amor genuino<\/strong><\/p>\n<p>Facundo naci\u00f3 el 17 de junio de 2012. Actualmente se encuentra institucionalizado y padece discapacidad intelectual moderada. A pesar de las dificultades, muestra entusiasmo por aprender, jugar y relacionarse con los dem\u00e1s. Le encanta bailar, cantar, asistir a la escuela especial y mirar dibujos animados.<\/p>\n<p>Recibe tratamiento psiqui\u00e1trico y neurol\u00f3gico, y se espera que su evoluci\u00f3n dependa en gran medida del entorno afectivo que lo acompa\u00f1e. Se busca una familia que lo mire desde sus posibilidades, con amor incondicional y un fuerte compromiso para acompa\u00f1arlo en su desarrollo.<\/p>\n<p>El Juzgado de Familia, Ni\u00f1ez y Adolescencia N\u00b0 5 a cargo del doctor Edgardo Frutos y el Registro \u00danico de Aspirantes a Guarda con Fines Adoptivos (RUACtes), lanz\u00f3 tres convocatorias p\u00fablicas. Se trata de llamados federales que buscan familias para ni\u00f1os y adolescentes que sue\u00f1an con crecer en un entorno de afecto, contenci\u00f3n y respeto.<\/p>\n<p>Las convocatorias p\u00fablicas de adopci\u00f3n son un recurso excepcional utilizado por los Juzgados de Familia, con intervenci\u00f3n del Registro \u00danico de Aspirantes a Guarda con Fines Adoptivos (RUACtes), cuando no existen personas inscriptas en el registro que se adecuen a las necesidades particulares de ciertos ni\u00f1os, ni\u00f1as o adolescentes.<\/p>\n<p>Estas convocatorias tienen alcance nacional y buscan visibilizar situaciones espec\u00edficas en las que el derecho a crecer en familia necesita del compromiso y amor de personas dispuestas a asumir un rol fundamental en sus vidas.<\/p>\n<p>Cada uno de estos llamados es una oportunidad para cambiar vidas. Ellos tienen sue\u00f1os, talentos, deseos. Y sobre todo, tienen derecho a crecer rodeados de amor, contenci\u00f3n y respeto.<\/p>\n<p><strong>\u00bfC\u00f3mo anotarse para ser parte de estas convocatorias?<\/strong><br \/>\nLas personas interesadas en postularse como familia adoptiva, referentes afectivos o figuras an\u00e1logas deben completar el Formulario de Convocatorias P\u00fablicas disponible en el siguiente enlace:<a class=\"link\" href=\"https:\/\/www.juscorrientes.gov.ar\/wp-content\/uploads\/rua-ctes\/pdf\/2019\/Formulario-Adopcion.pdf\" target=\"_blank\" rel=\"noopener\">\u00a0https:\/\/www.juscorrientes.gov.ar\/wp-content\/uploads\/rua-ctes\/pdf\/2019\/Formulario-Adopcion.pdf<\/a><\/p>\n<p>Luego, deben enviarlo a las siguientes direcciones de contacto seg\u00fan corresponda:<\/p>\n<p>Juzgado de Familia, Ni\u00f1ez y Adolescencia N\u00b0 5 de Corrientes:<\/p>\n<p>Correo:\u00a0jfamilianya5-capital@juscorrientes.gov.ar<br \/>\nTel\u00e9fono: (379) 5150983<br \/>\nDirecci\u00f3n: Carlos Pellegrini 917 \u2013 Primer Piso, Corrientes Capital<br \/>\nRegistro \u00danico de Aspirantes a Guarda con Fines Adoptivos de Corrientes (RUACtes):<\/p>\n<p>Correo:\u00a0registroadopcion@juscorrientes.gov.ar<br \/>\nTel\u00e9fono: 0379 4104298<br \/>\nDirecci\u00f3n: Carlos Pellegrini 917 \u2013 Entrepiso, Corrientes Capital<\/p>\n<div class=\"container-spot\" data-tipo=\"tipo_todo\" data-pos=\"NEW_P4_cuerpo\">\n<div id=\"pppSlot10\" class=\" lazyloaded\" data-gpt=\"\/22675780113\/nota\/new_p4_cuerpo\" data-size=\"[[728, 90]]\" data-gpt-mobile=\"\/22675780113\/nota\/new_p4_cuerpo\" data-size-mobile=\"[[300, 600],[300, 250],[300, 100],[300, 50],[320, 100],[320, 50]]\" data-expand=\"300\" data-google-query-id=\"CL2Jy_6F2I0DFb5auAQdQnwwXQ\"><\/div>\n<\/div>\n<p>&nbsp;<\/p>\n","protected":false},"excerpt":{"rendered":"<p>El Jugado de Familia, Ni\u00f1ez y Adolescencia N\u00b0 5 lanz\u00f3 una convocatoria p\u00fablica para el pedido de adopci\u00f3n de tres ni\u00f1os en Corrientes. El fuero est\u00e1 a cargo del doctor Edgardo Frutos y el Registro \u00danico de Aspirantes a Guarda con Fines Adoptiva (RUACtes). Se trata de los ni\u00f1os &#8220;Star&#8221; de 9 a\u00f1os, &#8220;Fer&#8221; de [&hellip;]<\/p>\n","protected":false},"author":2,"featured_media":30658,"comment_status":"open","ping_status":"open","sticky":false,"template":"","format":"standard","meta":{"footnotes":""},"categories":[72],"tags":[],"class_list":["post-30657","post","type-post","status-publish","format-standard","has-post-thumbnail","hentry","category-provinciales"],"_links":{"self":[{"href":"https:\/\/radiosurfm.com\/web\/wp-json\/wp\/v2\/posts\/30657","targetHints":{"allow":["GET"]}}],"collection":[{"href":"https:\/\/radiosurfm.com\/web\/wp-json\/wp\/v2\/posts"}],"about":[{"href":"https:\/\/radiosurfm.com\/web\/wp-json\/wp\/v2\/types\/post"}],"author":[{"embeddable":true,"href":"https:\/\/radiosurfm.com\/web\/wp-json\/wp\/v2\/users\/2"}],"replies":[{"embeddable":true,"href":"https:\/\/radiosurfm.com\/web\/wp-json\/wp\/v2\/comments?post=30657"}],"version-history":[{"count":0,"href":"https:\/\/radiosurfm.com\/web\/wp-json\/wp\/v2\/posts\/30657\/revisions"}],"wp:featuredmedia":[{"embeddable":true,"href":"https:\/\/radiosurfm.com\/web\/wp-json\/wp\/v2\/media\/30658"}],"wp:attachment":[{"href":"https:\/\/radiosurfm.com\/web\/wp-json\/wp\/v2\/media?parent=30657"}],"wp:term":[{"taxonomy":"category","embeddable":true,"href":"https:\/\/radiosurfm.com\/web\/wp-json\/wp\/v2\/categories?post=30657"},{"taxonomy":"post_tag","embeddable":true,"href":"https:\/\/radiosurfm.com\/web\/wp-json\/wp\/v2\/tags?post=30657"}],"curies":[{"name":"wp","href":"https:\/\/api.w.org\/{rel}","templated":true}]}}