{"id":30660,"date":"2025-06-04T12:20:37","date_gmt":"2025-06-04T15:20:37","guid":{"rendered":"https:\/\/radiosurfm.com\/web\/?p=30660"},"modified":"2025-06-04T12:20:37","modified_gmt":"2025-06-04T15:20:37","slug":"la-marcha-mas-grande-jubilados-trabajadores-del-garrahan-y-colecitivos-ni-una-menos","status":"publish","type":"post","link":"https:\/\/radiosurfm.com\/web\/2025\/06\/04\/la-marcha-mas-grande-jubilados-trabajadores-del-garrahan-y-colecitivos-ni-una-menos\/","title":{"rendered":"La marcha m\u00e1s grande: jubilados, trabajadores del Garrahan y colecitivos Ni una Menos"},"content":{"rendered":"<p>&#8220;La marcha m\u00e1s grande\u201d es uno de los lemas de la protesta semanal que, cada mi\u00e9rcoles, protagonizan los jubilados frente al Congreso de la Naci\u00f3n. La convocatoria prevista para hoy se anticipa multitudinaria y reunir\u00e1 un arco multisectorial que se manifiesta contra las pol\u00edticas implementadas por la administraci\u00f3n de Javier Milei. Entre los reclamos figuran el conflicto en el Hospital Garrahan, la emergencia en discapacidad, los 10 a\u00f1os del colectivo Ni Una Menos, el tratamiento de la Moratoria Previsional, el incremento de las jubilaciones y el bono suplementario. \u201cContra la crueldad, el hambre y el saqueo, ni una jubilada menos\u201d es la consigna principal, a la que adhieren la Uni\u00f3n Trabajadores de la Econom\u00eda Popular (UTEP), las dos CTA, el Colectivo Fin de un Mundo, agrupaciones piqueteras, partidos de izquierda, Libres del Sur y otros sectores sociales y gremiales, como ATE, Curas Opci\u00f3n por los Pobres y Nuestra Patria.<\/p>\n<p>Desde el Ministerio de Seguridad de la Naci\u00f3n, bajo la conducci\u00f3n de Patricia Bullrich, se inform\u00f3 que las fuerzas federales desplegar\u00e1n un importante n\u00famero de efectivos y unidades especiales con el objetivo de \u201cevitar incidentes\u201d y hacer cumplir el \u201cprotocolo antipiquetes\u201d en cada concentraci\u00f3n. Asimismo, estar\u00e1n vallados los alrededores del Palacio Legislativo.<br \/>\nLas columnas ya definieron sus puntos de encuentro, aunque se espera que muchos participantes arriben por transporte p\u00fablico y se agrupen desde las 15 en la Plaza Congreso. Los agentes de seguridad tienen instrucciones de procurar que la mayor parte de los manifestantes, entre quienes estar\u00e1n integrantes de la Asociaci\u00f3n de Profesionales y T\u00e9cnicos del Hospital Garrahan (APyT), se concentre en la Plaza Congreso. De cumplirse las previsiones de los organizadores, la capacidad del lugar resultar\u00e1 insuficiente.<\/p>\n<p>Ante esa posibilidad, las columnas se ubicar\u00e1n sobre calles y avenidas aleda\u00f1as como Hip\u00f3lito Yrigoyen, desde la esquina de avenida Entre R\u00edos; avenida Rivadavia, a partir de Callao y otras arterias cercanas. La Polic\u00eda Federal Argentina (PFA) custodiar\u00e1 el Congreso, donde est\u00e1 prevista actividad parlamentaria, y se delimitar\u00e1 una especie de \u201ccorralito\u201d desde la avenida Entre R\u00edos entre Hip\u00f3lito Yrigoyen y Rivadavia. A lo largo de episodios similares, se registraron situaciones de violencia y represi\u00f3n policial. En una de ellas, el fotoperiodista Pablo Grillo result\u00f3 gravemente herido. Grillo recibi\u00f3 el alta ayer tras luchar por su vida durante casi tres meses, a ra\u00edz de un impacto en la cabeza provocado por el disparo de una granada de gas lacrim\u00f3geno lanzada por el cabo H\u00e9ctor Guerrero, de Gendarmer\u00eda Nacional, el 12 de marzo, durante una movilizaci\u00f3n de jubilados. La protesta de hoy tendr\u00e1 varias particularidades.<\/p>\n<p>Una de ellas es la participaci\u00f3n del colectivo feminista Ni Una Menos, que este a\u00f1o conmemora el d\u00e9cimo aniversario de su primera manifestaci\u00f3n contra la violencia de g\u00e9nero. Las organizaciones feministas decidieron postergar un d\u00eda, del 3 al 4 de junio, esta conmemoraci\u00f3n para coincidir con el reclamo de jubilados y otros sectores, como los empleados del Hospital Garrahan, del CONICET y migrantes. Este colectivo denuncia el vaciamiento de las pol\u00edticas impulsadas por La Libertad Avanza para ese sector. Asimismo, advierten sobre el incremento de la violencia sexual contra mujeres y diversidades. En la convocatoria, llamaron a promover \u201csalidas colectivas contra el ajuste y la crueldad\u201d. \u201cLa lucha es colectiva\u201d, se\u00f1alaron desde el movimiento de mujeres al anunciar la decisi\u00f3n. \u201cContra la violencia machista y la violencia econ\u00f3mica. Nos vemos en las calles\u201d, a\u00f1adieron.<\/p>\n<p>Desde la Casa Rosada ya restan importancia al posible impacto de la movilizaci\u00f3n, mientras los organizadores de diversos sectores, incluidos los gremios que integran la CGT, como Bancarios bajo la conducci\u00f3n de Sergio Palazzo, subrayan el valor de que en una misma jornada confluyan demandas contra el ajuste y los recortes en jubilaciones, pensiones, salarios, salud, pol\u00edticas de g\u00e9nero, la reducci\u00f3n y desmantelamiento de pol\u00edticas p\u00fablicas y organismos estatales, y la emergencia en discapacidad, dado que se debate hoy en la C\u00e1mara de Diputados el proyecto para declarar la emergencia en discapacidad hasta 2027.<\/p>\n<div class=\"container-spot\" data-tipo=\"tipo_todo\" data-pos=\"NEW_P3_cuerpo\">\n<div id=\"pppSlot10\" class=\" lazyloaded\" data-gpt=\"\/22675780113\/nota\/new_p3_cuerpo\" data-size=\"[[728, 90]]\" data-gpt-mobile=\"\/22675780113\/nota\/new_p3_cuerpo\" data-size-mobile=\"[[320, 100],[320, 50],[300, 250],[300, 100],[300, 50]]\" data-expand=\"300\" data-google-query-id=\"CNCvutiH2I0DFaptuAQdfVE7Sg\">\n<p>La consigna apunta a realizar \u201cLa Marcha M\u00e1s Grande\u201d para \u201cunir las luchas\u201d contra las \u201cpol\u00edticas de ajuste, crueldad, estigmatizaci\u00f3n, criminalizaci\u00f3n y represi\u00f3n del gobierno de Javier Milei\u201d, seg\u00fan el comunicado que firman organizaciones como las dos CTA, la CCC, la UTEP y la CGT.<\/p>\n<p>\u201cNi una jubilada menos, la deuda es con nosotras\u201d es otra de las consignas que busca poner en relieve la denuncia de la violencia de g\u00e9nero, la p\u00e9rdida de derechos y la crueldad institucional contra mujeres y diversidades. El colectivo Ni Una Menos advirti\u00f3 que la respuesta oficial frente a la violencia machista ha sido el silencio y la omisi\u00f3n, lo que consideran una forma de revictimizaci\u00f3n institucional. Tambi\u00e9n alertaron sobre el cierre de espacios de formaci\u00f3n con perspectiva de g\u00e9nero, la falta de financiamiento para dispositivos de emergencia y el retiro de campa\u00f1as p\u00fablicas de concientizaci\u00f3n.<\/p>\n<div class=\"container-spot\" data-tipo=\"tipo_todo\" data-pos=\"NEW_P4_cuerpo\"><\/div>\n<p>En di\u00e1logo con Infobae, Silvia Saravia, dirigente nacional de Libres del Sur, sostuvo que durante estos diez a\u00f1os desde la primera movilizaci\u00f3n de Ni Una Menos, las escasas pol\u00edticas p\u00fablicas alcanzadas fueron desarticuladas por la actual gesti\u00f3n. Saravia declar\u00f3: \u201cMilei es mis\u00f3gino y cruel. Niega la violencia de g\u00e9nero y la desigualdad. Adem\u00e1s, ataca especialmente con su ajuste a \u00e1reas donde las mujeres tenemos presencia mayoritaria: moratoria para jubilarse, salud, educaci\u00f3n y empleo dom\u00e9stico\u201d.<\/p>\n<p>La dirigente atribuy\u00f3 al Estado la responsabilidad por los 2.589 femicidios ocurridos en la \u00faltima d\u00e9cada y por los 2.788 ni\u00f1os y ni\u00f1as que quedaron hu\u00e9rfanos, seg\u00fan datos del colectivo. Por su parte, Mar\u00eda Jos\u00e9 Lubertino, presidenta de la Asociaci\u00f3n Ciudadana por los Derechos Humanos, subray\u00f3 que se cumplen diez a\u00f1os de la hist\u00f3rica marcha de Ni Una Menos y dos d\u00e9cadas de la Campa\u00f1a Nacional por el Aborto Legal, Seguro y Gratuito. Lubertino expres\u00f3: \u201cSeguimos luchando en las calles para reclamar y pedir justicia por la muerte de una mujer cada 31 horas en Argentina. En este dif\u00edcil contexto, donde el gobierno de Javier Milei ha desmantelado los programas y pol\u00edticas p\u00fablicas de g\u00e9nero, donde se nos proh\u00edbe salir a la calle y manifestarnos libremente, las mujeres estamos m\u00e1s fuertes que nunca en defensa de nuestros derechos. Acompa\u00f1aremos con nuestros reclamos la marcha de los mi\u00e9rcoles de jubilados y jubiladas\u201d.<\/p>\n<div class=\"container-spot\" data-tipo=\"tipo_todo\" data-pos=\"NEW_P5_cuerpo\"><\/div>\n<p>\u201cEste 3 de junio tenemos que salir en todo el pa\u00eds. En Buenos Aires decidimos movilizarnos el mi\u00e9rcoles 4, junto a jubilados y jubiladas\u201d, anunci\u00f3 Leonor Cruz, secretaria de G\u00e9neros de la CTA Aut\u00f3noma, y agreg\u00f3: \u201cMilei no puede seguir avanzando no solo sobre los derechos de las mujeres y diversidades, sino sobre los de todo nuestro pueblo, como lo est\u00e1 haciendo, y nosotras no vamos a quedarnos inm\u00f3viles por temor a la represi\u00f3n\u201d.<\/p>\n<p>Los puntos de concentraci\u00f3n de las organizaciones participantes son los siguientes:<\/p>\n<p>Agrupaciones de jubilados: Avenida Rivadavia, entre Combate de los Pozos y Callao<br \/>\nLibres del Sur: Rivadavia y Rodr\u00edguez Pe\u00f1a<br \/>\nUni\u00f3n de Trabajadores de la Econom\u00eda Popular (UTEP): Hip\u00f3lito Yrigoyen y Virrey Ceballos<br \/>\nPolo Obrero: Plaza Congreso<br \/>\nColectivo FindeUnMundO (FUNO): Plaza dos Congresos<br \/>\nNuestra Patria, La C\u00e1mpora, GPS excombatientes, SIPREBA, Facultad de Ciencias Sociales, Sindicato de Fot\u00f3grafos: Virrey Ceballos e Hip\u00f3lito Yrigoyen<br \/>\nMujeres de la Matria Latinoamericana (MUMALA): Rivadavia y Rodr\u00edguez Pe\u00f1a<br \/>\nCTA y CTA Aut\u00f3noma: Virrey Ceballos e Hip\u00f3lito Yrigoyen<br \/>\nMST en el FITU: Plaza Congreso<br \/>\nOrganizaciones de izquierda: Callao y Rivadavia<br \/>\nFOL: Montevideo y Rivadavia<br \/>\nATE, Curas Opci\u00f3n por los Pobres, Nuestra Patria: Virrey Ceballos e Hip\u00f3lito Yrigoyen<\/p>\n<p>Alejandro Gramajo, secretario general de la UTEP, record\u00f3, al ser consultado por este medio: \u201cVamos a estar acompa\u00f1ando nuevamente a los jubilados y jubiladas en el reclamo de un aumento en la jubilaci\u00f3n m\u00ednima. El Congreso deber\u00eda sesionar y construir mayor\u00eda parlamentaria para establecer el aumento por ley. Tambi\u00e9n vamos a movilizarnos por el aniversario de Ni Una Menos, en conjunto con la intersindical que integran la CGT y las dos CTA. Sin dudas, para nosotros esta es una etapa de resistencia al modelo de crueldad y hambre, y es momento de unir las diversas luchas que se desarrollan en todo el pa\u00eds: desde la de los trabajadores metal\u00fargicos en Tierra del Fuego que se transform\u00f3 en la de todo el pueblo, la lucha docente en Catamarca, los ca\u00f1eros en el ingenio Ledesma, los trabajadores del Garrahan, los sectores con capacidades diferentes a los que el presidente Milei se burla sin pudor, y los trabajadores de la econom\u00eda popular, como lo que sucede en La Salada\u201d.<\/p>\n<p>Yohana Duarte, secretaria gremial de la UTEP tambi\u00e9n opin\u00f3: \u201cHace 10 a\u00f1os, cuando surgi\u00f3 el primer Ni Una Menos fue un punto de inflexi\u00f3n que nos cambi\u00f3 para siempre, hoy no somos las mismas. Por eso, no tenemos miedo de enfrentar la crueldad del gobierno de Milei, pero al mismo tiempo la violencia por motivos de g\u00e9nero durante este gobierno recrudeci\u00f3 porque los discursos de odios fomentados desde el gobierno avalan la violencia de g\u00e9nero y al mismo tiempo han desfinanciado completamente todas las pol\u00edticas de g\u00e9nero\u201d.<\/p>\n<p>A partir de las 10 de la ma\u00f1ana, la Multisectorial Agraria, integrada a la UTEP, llevar\u00e1 a cabo el \u201cencuentro por la producci\u00f3n y la fe\u201d en la ciudad de La Plata, con la participaci\u00f3n de Monse\u00f1or Gustavo Carrera, arzobispo de esa ciudad, en la intersecci\u00f3n de las calles 206 y 431.<\/p>\n<p>La movilizaci\u00f3n de hoy presenta otra particularidad en cuanto a las nuevas formas de comunicaci\u00f3n: la convocatoria, an\u00f3nima, empez\u00f3 a viralizarse en los \u00faltimos d\u00edas en redes sociales bajo la consigna central #LaMarchaM\u00e1sGrande, con el objetivo de \u201cunir las luchas\u201d contra las pol\u00edticas de ajuste y crueldad del gobierno que lidera Javier Milei.<\/p>\n<p>La jornada concluir\u00e1 con una ronda en la que se exigir\u00e1 un aumento para las jubilaciones, la restituci\u00f3n de los medicamentos con descuento total para los afiliados al PAMI y la aprobaci\u00f3n de la Moratoria Previsional, cuyo debate est\u00e1 previsto para este mi\u00e9rcoles junto con el incremento de poco m\u00e1s del 7% y el bono, medidas que el presidente Milei adelant\u00f3 que vetar\u00e1.<\/p>\n<\/div>\n<\/div>\n","protected":false},"excerpt":{"rendered":"<p>&#8220;La marcha m\u00e1s grande\u201d es uno de los lemas de la protesta semanal que, cada mi\u00e9rcoles, protagonizan los jubilados frente al Congreso de la Naci\u00f3n. La convocatoria prevista para hoy se anticipa multitudinaria y reunir\u00e1 un arco multisectorial que se manifiesta contra las pol\u00edticas implementadas por la administraci\u00f3n de Javier Milei. Entre los reclamos figuran [&hellip;]<\/p>\n","protected":false},"author":2,"featured_media":30661,"comment_status":"open","ping_status":"open","sticky":false,"template":"","format":"standard","meta":{"footnotes":""},"categories":[64],"tags":[],"class_list":["post-30660","post","type-post","status-publish","format-standard","has-post-thumbnail","hentry","category-nacionales"],"_links":{"self":[{"href":"https:\/\/radiosurfm.com\/web\/wp-json\/wp\/v2\/posts\/30660","targetHints":{"allow":["GET"]}}],"collection":[{"href":"https:\/\/radiosurfm.com\/web\/wp-json\/wp\/v2\/posts"}],"about":[{"href":"https:\/\/radiosurfm.com\/web\/wp-json\/wp\/v2\/types\/post"}],"author":[{"embeddable":true,"href":"https:\/\/radiosurfm.com\/web\/wp-json\/wp\/v2\/users\/2"}],"replies":[{"embeddable":true,"href":"https:\/\/radiosurfm.com\/web\/wp-json\/wp\/v2\/comments?post=30660"}],"version-history":[{"count":0,"href":"https:\/\/radiosurfm.com\/web\/wp-json\/wp\/v2\/posts\/30660\/revisions"}],"wp:featuredmedia":[{"embeddable":true,"href":"https:\/\/radiosurfm.com\/web\/wp-json\/wp\/v2\/media\/30661"}],"wp:attachment":[{"href":"https:\/\/radiosurfm.com\/web\/wp-json\/wp\/v2\/media?parent=30660"}],"wp:term":[{"taxonomy":"category","embeddable":true,"href":"https:\/\/radiosurfm.com\/web\/wp-json\/wp\/v2\/categories?post=30660"},{"taxonomy":"post_tag","embeddable":true,"href":"https:\/\/radiosurfm.com\/web\/wp-json\/wp\/v2\/tags?post=30660"}],"curies":[{"name":"wp","href":"https:\/\/api.w.org\/{rel}","templated":true}]}}