{"id":30669,"date":"2025-06-05T12:56:21","date_gmt":"2025-06-05T15:56:21","guid":{"rendered":"https:\/\/radiosurfm.com\/web\/?p=30669"},"modified":"2025-06-05T12:56:21","modified_gmt":"2025-06-05T15:56:21","slug":"esquina-peon-rural-fallecio-tras-chocar-contra-un-camion","status":"publish","type":"post","link":"https:\/\/radiosurfm.com\/web\/2025\/06\/05\/esquina-peon-rural-fallecio-tras-chocar-contra-un-camion\/","title":{"rendered":"ESQUINA: pe\u00f3n rural falleci\u00f3 tras chocar contra un cami\u00f3n"},"content":{"rendered":"<p>Un hombre de 37 a\u00f1os, identificado con el apellido Correa, que trabajaba como pe\u00f3n rural en la zona, falleci\u00f3 en la noche del mi\u00e9rcoles tras incrustarse con la moto que conduc\u00eda contra un cami\u00f3n que transportaba verduras. El hecho ocurri\u00f3 en la Tercera Secci\u00f3n rural de Esquina. El siniestro ocurri\u00f3 por Ruta Nacional 12, a la altura del kil\u00f3metro 701, cerca de las 23.30.<\/p>\n<p>La colisi\u00f3n tuvo por protagonistas a un cami\u00f3n Dogde, dominio RYH-381 que circulaba en sentido norte-sur, y una moto Honda XR 125 que iba en direcci\u00f3n contraria<\/p>\n<p>Ambos veh\u00edculos terminaron en la banquina.<\/p>\n<p>El motociclista falleci\u00f3 en el lugar.<\/p>\n<p>Se trataba de un pe\u00f3n rural con domicilio en Perugorr\u00eda y que trabajaba en la zona.<\/p>\n","protected":false},"excerpt":{"rendered":"<p>Un hombre de 37 a\u00f1os, identificado con el apellido Correa, que trabajaba como pe\u00f3n rural en la zona, falleci\u00f3 en la noche del mi\u00e9rcoles tras incrustarse con la moto que conduc\u00eda contra un cami\u00f3n que transportaba verduras. El hecho ocurri\u00f3 en la Tercera Secci\u00f3n rural de Esquina. El siniestro ocurri\u00f3 por Ruta Nacional 12, a [&hellip;]<\/p>\n","protected":false},"author":2,"featured_media":30670,"comment_status":"open","ping_status":"open","sticky":false,"template":"","format":"standard","meta":{"footnotes":""},"categories":[68,72],"tags":[],"class_list":["post-30669","post","type-post","status-publish","format-standard","has-post-thumbnail","hentry","category-policiales-nacionales","category-provinciales"],"_links":{"self":[{"href":"https:\/\/radiosurfm.com\/web\/wp-json\/wp\/v2\/posts\/30669","targetHints":{"allow":["GET"]}}],"collection":[{"href":"https:\/\/radiosurfm.com\/web\/wp-json\/wp\/v2\/posts"}],"about":[{"href":"https:\/\/radiosurfm.com\/web\/wp-json\/wp\/v2\/types\/post"}],"author":[{"embeddable":true,"href":"https:\/\/radiosurfm.com\/web\/wp-json\/wp\/v2\/users\/2"}],"replies":[{"embeddable":true,"href":"https:\/\/radiosurfm.com\/web\/wp-json\/wp\/v2\/comments?post=30669"}],"version-history":[{"count":0,"href":"https:\/\/radiosurfm.com\/web\/wp-json\/wp\/v2\/posts\/30669\/revisions"}],"wp:featuredmedia":[{"embeddable":true,"href":"https:\/\/radiosurfm.com\/web\/wp-json\/wp\/v2\/media\/30670"}],"wp:attachment":[{"href":"https:\/\/radiosurfm.com\/web\/wp-json\/wp\/v2\/media?parent=30669"}],"wp:term":[{"taxonomy":"category","embeddable":true,"href":"https:\/\/radiosurfm.com\/web\/wp-json\/wp\/v2\/categories?post=30669"},{"taxonomy":"post_tag","embeddable":true,"href":"https:\/\/radiosurfm.com\/web\/wp-json\/wp\/v2\/tags?post=30669"}],"curies":[{"name":"wp","href":"https:\/\/api.w.org\/{rel}","templated":true}]}}