{"id":30712,"date":"2025-06-09T12:35:34","date_gmt":"2025-06-09T15:35:34","guid":{"rendered":"https:\/\/radiosurfm.com\/web\/?p=30712"},"modified":"2025-06-09T12:35:34","modified_gmt":"2025-06-09T15:35:34","slug":"corrian-picadas-un-joven-se-encuentra-muy-grave-en-el-hospital-de-goya","status":"publish","type":"post","link":"https:\/\/radiosurfm.com\/web\/2025\/06\/09\/corrian-picadas-un-joven-se-encuentra-muy-grave-en-el-hospital-de-goya\/","title":{"rendered":"CORR\u00cdAN PICADAS:  Un joven se encuentra muy grave en el Hospital de Goya"},"content":{"rendered":"<p>La comunidad de Santa Luc\u00eda se encuentra conmocionada por un siniestro vial que se registr\u00f3 en la tarde del domingo en el kil\u00f3metro 105 de la Ruta 27, a 500 metros antes de la avenida San Mart\u00edn en el acceso a la localidad de Santa Luc\u00eda. Dos motociclistas resultaron con lesiones graves, despu\u00e9s de haberse \u00b4tocado \u00b4 las motos que conduc\u00edan. Hubo una gran despliegue policial y sanitario que determin\u00f3 la interrupci\u00f3n del tr\u00e1nsito vehicular para asistir a los accidentados, uno de ellos, era un adolescente que tiene 16 a\u00f1os de edad. Investiga la fiscal\u00eda de turno y la polic\u00eda de Corrientes.<\/p>\n<div>Uno de los involucrados es un adolescente de 16 a\u00f1os, -cuya identidad no se puede informar por razones de \u00edndole legal- quien fue asistido en el lugar por Bomberos Voluntarios y personal de Salud P\u00fablica. Posteriormente, fue trasladado en ambulancia al hospital de Santa Luc\u00eda, donde se determin\u00f3 su traslado al Hospital Regional &#8220;Camilo Muniagurria&#8221; de Goya, donde permanece internado con escoriaciones m\u00faltiples y traumatismo de cr\u00e1neo.<\/div>\n<div><\/div>\n<div>El otro motociclista fue identificado como Carlos Fabi\u00e1n N\u00fa\u00f1ez, de 20 a\u00f1os, que result\u00f3 con un traumatismo de cr\u00e1neo grave y se encuentra internado en la Unidad de Terapia Intensiva del Hospital \u00b4Camilo Muniagurria&#8221;. Su estado es cr\u00edtico y con riesgo de vida, seg\u00fan informaron fuentes del nosocomio.<\/div>\n<div><\/div>\n<div>Testigos afirman que ambas motos circulaban a alta velocidad al momento de la colisi\u00f3n.<\/div>\n","protected":false},"excerpt":{"rendered":"<p>La comunidad de Santa Luc\u00eda se encuentra conmocionada por un siniestro vial que se registr\u00f3 en la tarde del domingo en el kil\u00f3metro 105 de la Ruta 27, a 500 metros antes de la avenida San Mart\u00edn en el acceso a la localidad de Santa Luc\u00eda. Dos motociclistas resultaron con lesiones graves, despu\u00e9s de haberse [&hellip;]<\/p>\n","protected":false},"author":2,"featured_media":30713,"comment_status":"open","ping_status":"open","sticky":false,"template":"","format":"standard","meta":{"footnotes":""},"categories":[56,68],"tags":[],"class_list":["post-30712","post","type-post","status-publish","format-standard","has-post-thumbnail","hentry","category-locales","category-policiales-nacionales"],"_links":{"self":[{"href":"https:\/\/radiosurfm.com\/web\/wp-json\/wp\/v2\/posts\/30712","targetHints":{"allow":["GET"]}}],"collection":[{"href":"https:\/\/radiosurfm.com\/web\/wp-json\/wp\/v2\/posts"}],"about":[{"href":"https:\/\/radiosurfm.com\/web\/wp-json\/wp\/v2\/types\/post"}],"author":[{"embeddable":true,"href":"https:\/\/radiosurfm.com\/web\/wp-json\/wp\/v2\/users\/2"}],"replies":[{"embeddable":true,"href":"https:\/\/radiosurfm.com\/web\/wp-json\/wp\/v2\/comments?post=30712"}],"version-history":[{"count":0,"href":"https:\/\/radiosurfm.com\/web\/wp-json\/wp\/v2\/posts\/30712\/revisions"}],"wp:featuredmedia":[{"embeddable":true,"href":"https:\/\/radiosurfm.com\/web\/wp-json\/wp\/v2\/media\/30713"}],"wp:attachment":[{"href":"https:\/\/radiosurfm.com\/web\/wp-json\/wp\/v2\/media?parent=30712"}],"wp:term":[{"taxonomy":"category","embeddable":true,"href":"https:\/\/radiosurfm.com\/web\/wp-json\/wp\/v2\/categories?post=30712"},{"taxonomy":"post_tag","embeddable":true,"href":"https:\/\/radiosurfm.com\/web\/wp-json\/wp\/v2\/tags?post=30712"}],"curies":[{"name":"wp","href":"https:\/\/api.w.org\/{rel}","templated":true}]}}