{"id":30719,"date":"2025-06-09T12:46:59","date_gmt":"2025-06-09T15:46:59","guid":{"rendered":"https:\/\/radiosurfm.com\/web\/?p=30719"},"modified":"2025-06-09T12:46:59","modified_gmt":"2025-06-09T15:46:59","slug":"elecciones-en-corrientes-2025-que-localidad-tiene-mas-electores","status":"publish","type":"post","link":"https:\/\/radiosurfm.com\/web\/2025\/06\/09\/elecciones-en-corrientes-2025-que-localidad-tiene-mas-electores\/","title":{"rendered":"Elecciones en Corrientes 2025: qu\u00e9 localidad tiene m\u00e1s electores"},"content":{"rendered":"<p>\u200bLa lista total de electores tiene 950.320 personas inscriptas, lo que representa un incremento del 4,3% respecto de la elecci\u00f3n de 2023 y un aumento del 8,6% respecto del 2021, la \u00faltima vez que se vot\u00f3 a gobernador.<\/p>\n<p>Respecto del Padr\u00f3n Provincial 2025, la distribuci\u00f3n de electores por Departamentos es la siguiente:<\/p>\n<p>Capital: 313.224 (32,95%)<br \/>\nGoya: 81.569 (8,58%)<br \/>\nSanto Tome: 55.512 (5,84%)<br \/>\nPaso de los Libres: 48.425 (5,09%)<br \/>\nItuzaing\u00f3: 44.684 (4,70%)<br \/>\nCuruz\u00fa Cuati\u00e1: 40.414 (4,25%)<br \/>\nMercedes: 38.894 (4,09%)<br \/>\nMonte Caseros: 34.291 (3,60%)<br \/>\nEsquina: 34.175 (3,59%)<br \/>\nBella Vista: 33.914 (3,56%)<br \/>\nLavalle: 29.186 (3,07%)<br \/>\nSan Cosme: 26.016 (2,83%)<br \/>\nSaladas: 20.956 (2,20%)<br \/>\nConcepci\u00f3n: 19.899 (1,97%)<br \/>\nSan Roque: 18.751 (1,97%)<br \/>\nSan Luis del Palmar: 18.571 (1,95%)<br \/>\nEmpedrado: 15.208 (1,60%)<br \/>\nGeneral Paz: 15.072 (1,58%)<br \/>\nSan Mart\u00edn: 12.497 (1,31%)<br \/>\nItat\u00ed: 10.925 (1,14%)<br \/>\nSan Miguel: 10.295 (1,08%)<br \/>\nMburucuy\u00e1: 9.558 (1,00%)<br \/>\nSauce: 8.206 (0,86%)<br \/>\nAlvear: 7.295 (0,76%)<br \/>\nBer\u00f3n de Astrada: 2.783 (0,29%)<\/p>\n<p>El 31 de agosto en la provincia de Corrientes se elegir\u00e1n:<br \/>\n1 Gobernador<br \/>\n1 Vicegobernador<br \/>\n5 Senadores titulares<br \/>\n3 Senadores suplentes<br \/>\n15 Diputados titulares<br \/>\n8 Senadores suplentes<br \/>\n73 Intendentes<br \/>\n73 Viceintendentes<br \/>\n237 Concejales Titulares<br \/>\n194 Concejales Suplentes<br \/>\n9 Convencionales Estatuyentes titulares (Empedrado)<br \/>\n6 Convencionales Estatuyentes suplentes (Empedrado)<br \/>\n1 Defensor de los Vecinos (9 de Julio)<br \/>\n1 Juez de Faltas (San Miguel).<\/p>\n","protected":false},"excerpt":{"rendered":"<p>\u200bLa lista total de electores tiene 950.320 personas inscriptas, lo que representa un incremento del 4,3% respecto de la elecci\u00f3n de 2023 y un aumento del 8,6% respecto del 2021, la \u00faltima vez que se vot\u00f3 a gobernador. Respecto del Padr\u00f3n Provincial 2025, la distribuci\u00f3n de electores por Departamentos es la siguiente: Capital: 313.224 (32,95%) [&hellip;]<\/p>\n","protected":false},"author":2,"featured_media":30720,"comment_status":"open","ping_status":"open","sticky":false,"template":"","format":"standard","meta":{"footnotes":""},"categories":[66,72],"tags":[],"class_list":["post-30719","post","type-post","status-publish","format-standard","has-post-thumbnail","hentry","category-politica-nacionales","category-provinciales"],"_links":{"self":[{"href":"https:\/\/radiosurfm.com\/web\/wp-json\/wp\/v2\/posts\/30719","targetHints":{"allow":["GET"]}}],"collection":[{"href":"https:\/\/radiosurfm.com\/web\/wp-json\/wp\/v2\/posts"}],"about":[{"href":"https:\/\/radiosurfm.com\/web\/wp-json\/wp\/v2\/types\/post"}],"author":[{"embeddable":true,"href":"https:\/\/radiosurfm.com\/web\/wp-json\/wp\/v2\/users\/2"}],"replies":[{"embeddable":true,"href":"https:\/\/radiosurfm.com\/web\/wp-json\/wp\/v2\/comments?post=30719"}],"version-history":[{"count":0,"href":"https:\/\/radiosurfm.com\/web\/wp-json\/wp\/v2\/posts\/30719\/revisions"}],"wp:featuredmedia":[{"embeddable":true,"href":"https:\/\/radiosurfm.com\/web\/wp-json\/wp\/v2\/media\/30720"}],"wp:attachment":[{"href":"https:\/\/radiosurfm.com\/web\/wp-json\/wp\/v2\/media?parent=30719"}],"wp:term":[{"taxonomy":"category","embeddable":true,"href":"https:\/\/radiosurfm.com\/web\/wp-json\/wp\/v2\/categories?post=30719"},{"taxonomy":"post_tag","embeddable":true,"href":"https:\/\/radiosurfm.com\/web\/wp-json\/wp\/v2\/tags?post=30719"}],"curies":[{"name":"wp","href":"https:\/\/api.w.org\/{rel}","templated":true}]}}