{"id":30722,"date":"2025-06-09T12:53:15","date_gmt":"2025-06-09T15:53:15","guid":{"rendered":"https:\/\/radiosurfm.com\/web\/?p=30722"},"modified":"2025-06-09T12:53:15","modified_gmt":"2025-06-09T15:53:15","slug":"reunion-de-urgencia-en-el-instituto-patria-ante-el-posible-fallo-proscriptivo-de-la-corte-contra-cristina-kirchner","status":"publish","type":"post","link":"https:\/\/radiosurfm.com\/web\/2025\/06\/09\/reunion-de-urgencia-en-el-instituto-patria-ante-el-posible-fallo-proscriptivo-de-la-corte-contra-cristina-kirchner\/","title":{"rendered":"Reuni\u00f3n de urgencia en el Instituto Patria ante el posible fallo proscriptivo de la Corte contra Cristina Kirchner"},"content":{"rendered":"<p><b>&#8220;Este no es un problema de Cristina, es un problema de la democracia&#8221;<\/b>, dicen desde el entorno de la expresidenta sobre el fallo de la Corte Suprema de Justicia en la denominada causa &#8220;Vialidad&#8221; que, seg\u00fan versiones period\u00edsticas,\u00a0podr\u00eda esta al caer durante las pr\u00f3ximas semanas.<b>\u00a0&#8220;Si se ratifica la condena, se termina la democracia que supimos construir desde el 83 para adelante y empieza la democracia con proscripciones, como nos toc\u00f3 vivir con Per\u00f3n&#8221;<\/b>, agregan desde su c\u00edrculo \u00edntimo. Si el m\u00e1ximo tribunal decide dejar firme la condena del TOF 2 &#8211;que en noviembre de 2024 fue confirmada por la C\u00e1mara de Casaci\u00f3n Penal&#8211;<b>\u00a0CFK deber\u00e1 cumplir seis a\u00f1os de prisi\u00f3n<\/b>\u00a0y pesar\u00e1 sobre ella, adem\u00e1s, la inhabilitaci\u00f3n perpetua para ejercer cargos p\u00fablicos,\u00a0<b>lo que la sacar\u00eda de la cancha de las pr\u00f3ximas elecciones bonaersenses, a las que ya se postul\u00f3.<\/b>\u00a0En ese contexto,\u00a0<b>desde el Instituto Patria organizaron para este lunes a las 15 una reuni\u00f3n con amplios sectores del peronismo<\/b>\u00a0para intentar diagramar un plan de lucha y, a las 18, la expresidenta volver\u00e1 a aparecer en p\u00fablico en un acto que encabezar\u00e1 en el PJ para homenajear a los fusilados de Jos\u00e9 Le\u00f3n Su\u00e1rez.<\/p>\n<p>&#8220;La gente nos est\u00e1 reclamando qu\u00e9 hacer. Por eso, como primera medida, este lunes vamos a sentarnos a escucharlos&#8221;, dicen cerca de CFK y agregan que la cita ser\u00e1 a las 15 en el Instituto Patria.\u00a0<b>All\u00ed recibir\u00e1n a diputados, senadores, organizaciones pol\u00edticas, sociales, sindicales y tambi\u00e9n a &#8220;gente suelta&#8221;. Por otra parte, explican que se encuentran &#8220;en estado de alerta y movilizaci\u00f3n&#8221;<\/b>, ante el posible fallo de la Corte Suprema. Una de las posibilidades es que, del encuentro de este lunes, surja una marcha o diversas actividades para movilizar a la militancia ante la inminencia del fallo.<\/p>\n<p>Hace una semana la expresidenta anunci\u00f3 en una entrevista televisiva que en las pr\u00f3ximas elecciones de septiembre en provincia de Buenos Aires, ella se presentar\u00eda como candidata a legisladora por la tercera secci\u00f3n electoral. Ese anuncio sacudi\u00f3 el tablero pol\u00edtico y tambi\u00e9n el judicial. En noviembre del a\u00f1o pasado la C\u00e1mara de Casaci\u00f3n Penal confirm\u00f3 la condena del TOF 2 y la defensa de Cristina present\u00f3 un recurso de queja ante la Corte Suprema de Justicia de la Naci\u00f3n que, hasta ahora, no se pronunci\u00f3 al respecto.<\/p>\n<p>Si bien el m\u00e1ximo tribunal no tiene un plazo establecido para fallar, la noticia de la candidatura de la expresidenta pareciera haber acelerado los tiempos. La semana pasada tambi\u00e9n hubo otra novedad, la Corte rechaz\u00f3 un pedido de recusaci\u00f3n presentado por la defensa de CFK contra el juez Ricardo Lorenzetti. Y, seg\u00fan versiones period\u00edsticas, &#8220;el martes a las 10 de la ma\u00f1ana&#8221;, ratificar\u00eda la condena del TOF 2 contra la expresidenta.<\/p>\n<p>La Corte podr\u00eda tomar tres caminos. Por un lado, negarse a tomar el caso invocando el art. 280 del C\u00f3digo Penal. Con esa decisi\u00f3n, quedar\u00eda firme la confirmaci\u00f3n de la instancia anterior, es decir, la de la C\u00e1mara de Casaci\u00f3n. Por otro lado, podr\u00eda revisar los recursos y tomar el de la fiscal\u00eda, que pidi\u00f3 duplicar la condena a 12 a\u00f1os por asociaci\u00f3n il\u00edcita. La tercera opci\u00f3n ser\u00eda que la Corte busque abrir los recursos de queja para trabajar en el estudio de las mismas. En ese caso, en principio, deber\u00edan pedir a Comodoro Py el env\u00edo del expediente completo.<\/p>\n<p>&#8220;Sali\u00f3 el anuncio y se desataron los mil demonios. Comenzaron a pedir de todos lados que me metan presa&#8221;, dijo la presidenta del PJ desde la ciudad de Paso de los Libres, desde donde dio un discurso el s\u00e1bado por la tarde. Luego agreg\u00f3\u00a0&#8220;Dicen: &#8216;est\u00e1 acabada, est\u00e1 acorralada&#8217;, pero \u00bfSi estoy tan as\u00ed, por qu\u00e9 no me dejan competir y me derrotan pol\u00edticamente?&#8221;.<\/p>\n<p>Los organizadores de la reuni\u00f3n de este lunes en el Instituto Patria opinan que &#8220;los que est\u00e1n detr\u00e1s de esto son Mauricio Macri, Milei y los grandes grupos econ\u00f3micos&#8221;, y agregan que &#8220;ac\u00e1 no hay un problema de justicia. Lo que les da miedo es lo que puede llegar a significar una vuelta de Cristina al gobierno&#8221;. &#8220;Primero se les cay\u00f3 el intento de designar a dos jueces por decreto, despu\u00e9s el intento de aprobar en el Congreso Ficha Limpia y, por eso, ahora deciden avanzar con el Poder Judicial para meterla presa. Lo que no quieren bajo ning\u00fan concepto es competir en las urnas&#8221;, remarcan en su entorno.<\/p>\n<p>Tambi\u00e9n hablan de &#8220;proscripci\u00f3n&#8221;, y recuerdan que el peronismo ya vivi\u00f3 una situaci\u00f3n similar con el expresidente Juan Domingo Per\u00f3n tras el golpe de 1955, encabezado por la denominada &#8220;Revoluci\u00f3n Libertadora&#8221;. &#8220;Ac\u00e1 no hay nada nuevo, lo \u00fanico que les falta es bombardear la Plaza de Mayo&#8221;, opinan en su entorno.<\/p>\n<p>Desde la Casa Rosada, en tanto, dicen que no quieren que CFK vaya presa y que prefieren competir con ella en las urnas. Cerca de la expresidenta, en tanto, desestiman esas afirmaciones y disparan: &#8220;Son unos falsos y unos hip\u00f3critas. Tienen miedo y por eso la buscan proscribir&#8221;.<\/p>\n<p>El diputado Leopoldo Moreau opin\u00f3 este domingo que &#8220;los apurados dentro y fuera del Poder judicial quieren que este recurso se resuelva en menos de dos meses y medio&#8221;, y agreg\u00f3: &#8220;No nos tomen m\u00e1s el pelo ni act\u00faen c\u00ednicamente o con hipocres\u00eda porque est\u00e1n jugando con fuego. Quieren tomar una decisi\u00f3n pol\u00edtica disfrazada de jur\u00eddica, pero no enga\u00f1an a nadie&#8221;. A \u00e9l se sum\u00f3 el senador Oscar Parilli que asegur\u00f3: &#8220;Hay una gran bronca de los sectores de la militancia y una gran necesidad de manifestarse y no va a ser silenciosa la respuesta si deciden pronunciarse los tres monigotes de la Corte. Gran parte de la sociedad argentina no se va a quedar mir\u00e1ndola por televisi\u00f3n&#8221;.<\/p>\n<p>El titular de Nuevo Encuentro, Mart\u00edn Sabatella, tambi\u00e9n sali\u00f3 en respaldo de CFK. \u201c\u00bfQu\u00e9 duda cabe que van a tratar de meterla presa con tal de que no siga representando la defensa del Pueblo contra los intereses de las corporaciones? Ya no saben qu\u00e9 hacer porque donde est\u00e9 y como sea, Cristina es y seguir\u00e1 siendo la l\u00edder popular m\u00e1s importante del presente y el futuro\u201d, dijo.<\/p>\n<p>Los que no dar\u00e1n el presente en la reuni\u00f3n que est\u00e1 organizando el Instituto Patria son los gobernadores. CFK los critic\u00f3 durante su discurso del s\u00e1bado.\u00a0\u201cTodas las veces que los argentinos vivieron bien no fue por m\u00e9rito de ning\u00fan gobernador, sino por un proyecto nacional. A ver si se avivan, giles, de una buena vez. A ver si entienden que es necesario construir un proyecto nacional\u201d, les dijo. &#8220;Cada uno sabe lo que tiene que hacer y son todos grandes. No les vamos a decir&#8221;, indican en su entorno.<\/p>\n<p>Tampoco est\u00e1 confirmado que asista a la reuni\u00f3n el gobernador de la provincia de Buenos Aires, Axel Kicillof, con quien el clima a\u00fan sigue tenso. En caso de que la condena se ratifique, el escenario pol\u00edtico cambiar\u00e1 y hay que ver si el peronismo en su totalidad se abroquela en defensa de la exmandataria o si, m\u00e1s all\u00e1 de eso, siguen las discusiones por el cierre de listas de cara a las elecciones de septiembre. El mismo lunes Kicillof se reunir\u00e1 en La Plata con los intendentes que forman parte de su espacio denominado &#8220;Movimiento Derecho al Futuro&#8221;.<\/p>\n<p>Luego de la reuni\u00f3n en el Patria, CFK volver\u00e1 a reaparecer en p\u00fablico. Tal como adelant\u00f3 el s\u00e1bado, encabezar\u00e1 un homenaje a los fusilados de Le\u00f3n Su\u00e1rez. Un hecho que ocurri\u00f3 el 9 de junio de 1956. Lo har\u00e1 a las 18 desde la sede porte\u00f1a del PJ nacional.<\/p>\n<p>&nbsp;<\/p>\n","protected":false},"excerpt":{"rendered":"<p>&#8220;Este no es un problema de Cristina, es un problema de la democracia&#8221;, dicen desde el entorno de la expresidenta sobre el fallo de la Corte Suprema de Justicia en la denominada causa &#8220;Vialidad&#8221; que, seg\u00fan versiones period\u00edsticas,\u00a0podr\u00eda esta al caer durante las pr\u00f3ximas semanas.\u00a0&#8220;Si se ratifica la condena, se termina la democracia que supimos [&hellip;]<\/p>\n","protected":false},"author":2,"featured_media":30723,"comment_status":"open","ping_status":"open","sticky":false,"template":"","format":"standard","meta":{"footnotes":""},"categories":[64,66],"tags":[],"class_list":["post-30722","post","type-post","status-publish","format-standard","has-post-thumbnail","hentry","category-nacionales","category-politica-nacionales"],"_links":{"self":[{"href":"https:\/\/radiosurfm.com\/web\/wp-json\/wp\/v2\/posts\/30722","targetHints":{"allow":["GET"]}}],"collection":[{"href":"https:\/\/radiosurfm.com\/web\/wp-json\/wp\/v2\/posts"}],"about":[{"href":"https:\/\/radiosurfm.com\/web\/wp-json\/wp\/v2\/types\/post"}],"author":[{"embeddable":true,"href":"https:\/\/radiosurfm.com\/web\/wp-json\/wp\/v2\/users\/2"}],"replies":[{"embeddable":true,"href":"https:\/\/radiosurfm.com\/web\/wp-json\/wp\/v2\/comments?post=30722"}],"version-history":[{"count":0,"href":"https:\/\/radiosurfm.com\/web\/wp-json\/wp\/v2\/posts\/30722\/revisions"}],"wp:featuredmedia":[{"embeddable":true,"href":"https:\/\/radiosurfm.com\/web\/wp-json\/wp\/v2\/media\/30723"}],"wp:attachment":[{"href":"https:\/\/radiosurfm.com\/web\/wp-json\/wp\/v2\/media?parent=30722"}],"wp:term":[{"taxonomy":"category","embeddable":true,"href":"https:\/\/radiosurfm.com\/web\/wp-json\/wp\/v2\/categories?post=30722"},{"taxonomy":"post_tag","embeddable":true,"href":"https:\/\/radiosurfm.com\/web\/wp-json\/wp\/v2\/tags?post=30722"}],"curies":[{"name":"wp","href":"https:\/\/api.w.org\/{rel}","templated":true}]}}