{"id":30725,"date":"2025-06-09T12:59:05","date_gmt":"2025-06-09T15:59:05","guid":{"rendered":"https:\/\/radiosurfm.com\/web\/?p=30725"},"modified":"2025-06-09T12:59:05","modified_gmt":"2025-06-09T15:59:05","slug":"trabajamos-en-una-alianza-amplia-que-lleve-a-ricardo-colombi-a-la-gobernacion","status":"publish","type":"post","link":"https:\/\/radiosurfm.com\/web\/2025\/06\/09\/trabajamos-en-una-alianza-amplia-que-lleve-a-ricardo-colombi-a-la-gobernacion\/","title":{"rendered":"&#8220;Trabajamos en una alianza amplia que lleve a Ricardo Colombi a la gobernaci\u00f3n&#8221;"},"content":{"rendered":"<p>&#8220;Todo el desarrollo de Corrientes de hoy es por las gestiones de Ricardo Colombi previas&#8221;, se\u00f1al\u00f3 Jorge Molina, ex intendente de Mercedes. El referente indic\u00f3 que trabajan en la localidad para conformar una alianza electoral con el exgobernador como candidato provincial.<\/p>\n<p>&#8220;Estamos trabajando con muchos sectores de la provincia para una alianza que llegue al gobierno al 10 de diciembre&#8221;, sostuvo. Molina se\u00f1al\u00f3 que si hay sectores del PJ que dialogan con Ricardo Colombi pero descart\u00f3 que sea de mano de Mart\u00edn Asc\u00faa. &#8220;Desmiento categ\u00f3ricamente eso&#8221;, resalt\u00f3.<\/p>\n<p>Sobre un nombre de posible candidato, Molina se\u00f1al\u00f3 que &#8220;se est\u00e1n evaluando varios nombres&#8221;. &#8220;Hay personas que tienen buena imagen y estamos haciendo mediciones&#8221;, resalt\u00f3.<\/p>\n<p>&#8220;Tenemos una posibilidad inmensa de poder llegar al municipio ahora&#8221;, resalt\u00f3.<\/p>\n<p>&nbsp;<\/p>\n","protected":false},"excerpt":{"rendered":"<p>&#8220;Todo el desarrollo de Corrientes de hoy es por las gestiones de Ricardo Colombi previas&#8221;, se\u00f1al\u00f3 Jorge Molina, ex intendente de Mercedes. El referente indic\u00f3 que trabajan en la localidad para conformar una alianza electoral con el exgobernador como candidato provincial. &#8220;Estamos trabajando con muchos sectores de la provincia para una alianza que llegue al [&hellip;]<\/p>\n","protected":false},"author":2,"featured_media":30726,"comment_status":"open","ping_status":"open","sticky":false,"template":"","format":"standard","meta":{"footnotes":""},"categories":[66,72],"tags":[],"class_list":["post-30725","post","type-post","status-publish","format-standard","has-post-thumbnail","hentry","category-politica-nacionales","category-provinciales"],"_links":{"self":[{"href":"https:\/\/radiosurfm.com\/web\/wp-json\/wp\/v2\/posts\/30725","targetHints":{"allow":["GET"]}}],"collection":[{"href":"https:\/\/radiosurfm.com\/web\/wp-json\/wp\/v2\/posts"}],"about":[{"href":"https:\/\/radiosurfm.com\/web\/wp-json\/wp\/v2\/types\/post"}],"author":[{"embeddable":true,"href":"https:\/\/radiosurfm.com\/web\/wp-json\/wp\/v2\/users\/2"}],"replies":[{"embeddable":true,"href":"https:\/\/radiosurfm.com\/web\/wp-json\/wp\/v2\/comments?post=30725"}],"version-history":[{"count":0,"href":"https:\/\/radiosurfm.com\/web\/wp-json\/wp\/v2\/posts\/30725\/revisions"}],"wp:featuredmedia":[{"embeddable":true,"href":"https:\/\/radiosurfm.com\/web\/wp-json\/wp\/v2\/media\/30726"}],"wp:attachment":[{"href":"https:\/\/radiosurfm.com\/web\/wp-json\/wp\/v2\/media?parent=30725"}],"wp:term":[{"taxonomy":"category","embeddable":true,"href":"https:\/\/radiosurfm.com\/web\/wp-json\/wp\/v2\/categories?post=30725"},{"taxonomy":"post_tag","embeddable":true,"href":"https:\/\/radiosurfm.com\/web\/wp-json\/wp\/v2\/tags?post=30725"}],"curies":[{"name":"wp","href":"https:\/\/api.w.org\/{rel}","templated":true}]}}