{"id":31262,"date":"2025-07-16T13:35:19","date_gmt":"2025-07-16T16:35:19","guid":{"rendered":"https:\/\/radiosurfm.com\/web\/?p=31262"},"modified":"2025-07-16T13:35:19","modified_gmt":"2025-07-16T16:35:19","slug":"celebracion-de-la-virgen-de-itati-polemica-por-el-cobro-de-ingreso-a-la-ciudad","status":"publish","type":"post","link":"https:\/\/radiosurfm.com\/web\/2025\/07\/16\/celebracion-de-la-virgen-de-itati-polemica-por-el-cobro-de-ingreso-a-la-ciudad\/","title":{"rendered":"Celebraci\u00f3n de la Virgen de Itat\u00ed: Pol\u00e9mica por el cobro de ingreso a la ciudad"},"content":{"rendered":"<div id=\"modalIntrotext\">\n<div>A horas de un nuevo aniversario de la Coronaci\u00f3n Pontificia de la Virgen de Itat\u00ed, peregrinos se sorprendieron por el cobro de un ingreso a la localidad.<\/div>\n<div>fieles que llegaron para la celebraci\u00f3n a la localidad se sorprendieron con el cobro de 5 mil pesos para el ingreso con veh\u00edculo particular. Adem\u00e1s, resaltaron que en el caso de los transportes interurbanos que llegan a la ciudad el costo para el ingreso escala a los 20 mil pesos.<\/p>\n<p>Al respecto, el secretario de Cultura y Turismo de Itat\u00ed, Juan Castillo expres\u00f3 que el cobro \u201csolo se implement\u00f3 por estos d\u00edas y exclusivamente a los colectivo&#8221;. &#8220;Es una ordenanza que se saca todos los a\u00f1os&#8221;, agreg\u00f3.<\/p>\n<p>La celebraci\u00f3n de la Coronaci\u00f3n Pontificia de la Virgen de Itat\u00ed se llevar\u00e1 a cabo este mi\u00e9rcoles 16 de julio, y como cada a\u00f1o, se espera una multitudinaria presencia de devotos.<\/p><\/div>\n<\/div>\n","protected":false},"excerpt":{"rendered":"<p>A horas de un nuevo aniversario de la Coronaci\u00f3n Pontificia de la Virgen de Itat\u00ed, peregrinos se sorprendieron por el cobro de un ingreso a la localidad. fieles que llegaron para la celebraci\u00f3n a la localidad se sorprendieron con el cobro de 5 mil pesos para el ingreso con veh\u00edculo particular. Adem\u00e1s, resaltaron que en [&hellip;]<\/p>\n","protected":false},"author":2,"featured_media":31263,"comment_status":"open","ping_status":"open","sticky":false,"template":"","format":"standard","meta":{"footnotes":""},"categories":[67,72],"tags":[],"class_list":["post-31262","post","type-post","status-publish","format-standard","has-post-thumbnail","hentry","category-cultura","category-provinciales"],"_links":{"self":[{"href":"https:\/\/radiosurfm.com\/web\/wp-json\/wp\/v2\/posts\/31262","targetHints":{"allow":["GET"]}}],"collection":[{"href":"https:\/\/radiosurfm.com\/web\/wp-json\/wp\/v2\/posts"}],"about":[{"href":"https:\/\/radiosurfm.com\/web\/wp-json\/wp\/v2\/types\/post"}],"author":[{"embeddable":true,"href":"https:\/\/radiosurfm.com\/web\/wp-json\/wp\/v2\/users\/2"}],"replies":[{"embeddable":true,"href":"https:\/\/radiosurfm.com\/web\/wp-json\/wp\/v2\/comments?post=31262"}],"version-history":[{"count":0,"href":"https:\/\/radiosurfm.com\/web\/wp-json\/wp\/v2\/posts\/31262\/revisions"}],"wp:featuredmedia":[{"embeddable":true,"href":"https:\/\/radiosurfm.com\/web\/wp-json\/wp\/v2\/media\/31263"}],"wp:attachment":[{"href":"https:\/\/radiosurfm.com\/web\/wp-json\/wp\/v2\/media?parent=31262"}],"wp:term":[{"taxonomy":"category","embeddable":true,"href":"https:\/\/radiosurfm.com\/web\/wp-json\/wp\/v2\/categories?post=31262"},{"taxonomy":"post_tag","embeddable":true,"href":"https:\/\/radiosurfm.com\/web\/wp-json\/wp\/v2\/tags?post=31262"}],"curies":[{"name":"wp","href":"https:\/\/api.w.org\/{rel}","templated":true}]}}