{"id":31270,"date":"2025-07-16T13:51:23","date_gmt":"2025-07-16T16:51:23","guid":{"rendered":"https:\/\/radiosurfm.com\/web\/?p=31270"},"modified":"2025-07-16T13:51:23","modified_gmt":"2025-07-16T16:51:23","slug":"rumbo-a-las-urnas-tincho-ascua-apunto-contra-la-motosierra","status":"publish","type":"post","link":"https:\/\/radiosurfm.com\/web\/2025\/07\/16\/rumbo-a-las-urnas-tincho-ascua-apunto-contra-la-motosierra\/","title":{"rendered":"RUMBO A LAS URNAS: &#8220;Tincho&#8221; Asc\u00faa apunt\u00f3 contra la motosierra"},"content":{"rendered":"<div id=\"modalIntrotext\">\n<div>&#8220;El 10 de diciembre vamos a ratificar d\u00f3nde le vamos a meter la motosierra a Milei, para que respete el sistema federal y la coparticipaci\u00f3n de las provincias&#8221;, sostuvo hoy el candidato a gobernador del frente Limpiar Corrientes, Mart\u00edn &#8220;Tincho&#8221; Asc\u00faa.<\/div>\n<\/div>\n<div><\/div>\n<div>&#8220;Tincho&#8221; Asc\u00faa asegur\u00f3 que &#8220;los gobernadores se est\u00e1n dando cuenta que no alcanza con votar en el Congreso, con levantar las dos o tres manos de los legisladores para que te manden la plata, porque realmente est\u00e1n pasando mal, no tienen para pagar sueldos y Vald\u00e9s (Gustavo) tambi\u00e9n est\u00e1 complicado&#8221;.<\/p>\n<p>El candidato del justicialismo cuestion\u00f3 que en Corrientes &#8220;se gasten $4.000 millones en una plaza, aunque no haya remedios en los hospitales, como le pas\u00f3 al concejal de Yataity Calle a quien le pic\u00f3 una yarar\u00e1, fue a la sala pero no hab\u00eda ant\u00eddoto y se muri\u00f3&#8221;.<\/p>\n<p>&#8220;Entre el 65% y el 68% de los correntinos quiere un cambio, solo el 12% quiere continuidad tal cual como est\u00e1 la situaci\u00f3n y Vald\u00e9s lo sabe, por eso es que se juega la vida para ganar en primera vuelta, e intent\u00f3 cambiar las reglas del cronograma electoral a \u00faltimo momento con un decreto&#8221;, expres\u00f3.<\/p>\n<p>&#8220;La gente no reconoc\u00eda la enorme deuda social que tiene la pol\u00edtica con los correntinos hasta que ocurre la desaparici\u00f3n de Loan Danilo Pe\u00f1a&#8221;, dijo el candidato opositor para quien existe &#8220;una descomposici\u00f3n del frente gobernante&#8221;.<\/p><\/div>\n","protected":false},"excerpt":{"rendered":"<p>&#8220;El 10 de diciembre vamos a ratificar d\u00f3nde le vamos a meter la motosierra a Milei, para que respete el sistema federal y la coparticipaci\u00f3n de las provincias&#8221;, sostuvo hoy el candidato a gobernador del frente Limpiar Corrientes, Mart\u00edn &#8220;Tincho&#8221; Asc\u00faa. &#8220;Tincho&#8221; Asc\u00faa asegur\u00f3 que &#8220;los gobernadores se est\u00e1n dando cuenta que no alcanza con [&hellip;]<\/p>\n","protected":false},"author":2,"featured_media":22737,"comment_status":"open","ping_status":"open","sticky":false,"template":"","format":"standard","meta":{"footnotes":""},"categories":[66,72],"tags":[],"class_list":["post-31270","post","type-post","status-publish","format-standard","has-post-thumbnail","hentry","category-politica-nacionales","category-provinciales"],"_links":{"self":[{"href":"https:\/\/radiosurfm.com\/web\/wp-json\/wp\/v2\/posts\/31270","targetHints":{"allow":["GET"]}}],"collection":[{"href":"https:\/\/radiosurfm.com\/web\/wp-json\/wp\/v2\/posts"}],"about":[{"href":"https:\/\/radiosurfm.com\/web\/wp-json\/wp\/v2\/types\/post"}],"author":[{"embeddable":true,"href":"https:\/\/radiosurfm.com\/web\/wp-json\/wp\/v2\/users\/2"}],"replies":[{"embeddable":true,"href":"https:\/\/radiosurfm.com\/web\/wp-json\/wp\/v2\/comments?post=31270"}],"version-history":[{"count":0,"href":"https:\/\/radiosurfm.com\/web\/wp-json\/wp\/v2\/posts\/31270\/revisions"}],"wp:featuredmedia":[{"embeddable":true,"href":"https:\/\/radiosurfm.com\/web\/wp-json\/wp\/v2\/media\/22737"}],"wp:attachment":[{"href":"https:\/\/radiosurfm.com\/web\/wp-json\/wp\/v2\/media?parent=31270"}],"wp:term":[{"taxonomy":"category","embeddable":true,"href":"https:\/\/radiosurfm.com\/web\/wp-json\/wp\/v2\/categories?post=31270"},{"taxonomy":"post_tag","embeddable":true,"href":"https:\/\/radiosurfm.com\/web\/wp-json\/wp\/v2\/tags?post=31270"}],"curies":[{"name":"wp","href":"https:\/\/api.w.org\/{rel}","templated":true}]}}