{"id":31287,"date":"2025-07-17T10:56:41","date_gmt":"2025-07-17T13:56:41","guid":{"rendered":"https:\/\/radiosurfm.com\/web\/?p=31287"},"modified":"2025-07-17T10:56:41","modified_gmt":"2025-07-17T13:56:41","slug":"un-fallo-que-repara-la-justicia-autorizo-a-una-adolescente-correntina-a-quitarse-el-apellido-de-su-padre-femicida","status":"publish","type":"post","link":"https:\/\/radiosurfm.com\/web\/2025\/07\/17\/un-fallo-que-repara-la-justicia-autorizo-a-una-adolescente-correntina-a-quitarse-el-apellido-de-su-padre-femicida\/","title":{"rendered":"Un fallo que repara: la Justicia autoriz\u00f3 a una adolescente correntina a quitarse el apellido de su padre femicida"},"content":{"rendered":"<div id=\"modalIntrotext\">\n<div>La decisi\u00f3n judicial reconoci\u00f3 el derecho a la identidad de una v\u00edctima indirecta de violencia de g\u00e9nero. La jovencita, a partir de ahora podr\u00e1 portar el apellido de su madre. El caso sienta un antecedente relevante en la protecci\u00f3n de v\u00edctimas indirectas de violencia de g\u00e9nero extrema, al reconocer que el apellido no es solo una forma de identificaci\u00f3n jur\u00eddica, sino tambi\u00e9n un componente \u00edntimamente ligado al sentido de pertenencia, la dignidad y la reparaci\u00f3n.<\/div>\n<div><\/div>\n<div>La sentencia fue dictada por un juzgado de Corrientes y valor\u00f3 el impacto emocional que generaba el apellido del padre, condenado a prisi\u00f3n perpetua por el crimen.<\/p>\n<p>En un fallo con perspectiva de g\u00e9nero y en resguardo del derecho a la identidad, el Juzgado de Familia, Ni\u00f1ez y Adolescencia N\u00b0 5 de Corrientes hizo lugar al pedido de cambio de apellido solicitado por una adolescente cuya madre fue asesinada por su padre, hoy condenado a prisi\u00f3n perpetua por femicidio.<\/p>\n<p>La resoluci\u00f3n judicial, emitida el martes 2 de julio, autoriza a la joven a suprimir el apellido paterno para llevar exclusivamente el de su madre. La medida representa un reconocimiento a la voluntad de la adolescente, quien expres\u00f3 con claridad el profundo da\u00f1o emocional que le provocaba portar el nombre del autor del crimen que marc\u00f3 su vida con la p\u00e9rdida m\u00e1s dolorosa.<\/p>\n<p>Seg\u00fan se inform\u00f3 desde el Ministerio de Justicia y Derechos Humanos de la Provincia, el organismo acompa\u00f1\u00f3 las actuaciones necesarias para que la adolescente pudiera acceder a una sentencia favorable. El fallo fue dictado en el marco del principio del inter\u00e9s superior del ni\u00f1o y valor\u00f3 la madurez de la joven para decidir sobre su identidad, destacando la importancia de proteger su bienestar psicol\u00f3gico y subjetivo.<\/p><\/div>\n<\/div>\n","protected":false},"excerpt":{"rendered":"<p>La decisi\u00f3n judicial reconoci\u00f3 el derecho a la identidad de una v\u00edctima indirecta de violencia de g\u00e9nero. La jovencita, a partir de ahora podr\u00e1 portar el apellido de su madre. El caso sienta un antecedente relevante en la protecci\u00f3n de v\u00edctimas indirectas de violencia de g\u00e9nero extrema, al reconocer que el apellido no es solo [&hellip;]<\/p>\n","protected":false},"author":2,"featured_media":31288,"comment_status":"open","ping_status":"open","sticky":false,"template":"","format":"standard","meta":{"footnotes":""},"categories":[72],"tags":[],"class_list":["post-31287","post","type-post","status-publish","format-standard","has-post-thumbnail","hentry","category-provinciales"],"_links":{"self":[{"href":"https:\/\/radiosurfm.com\/web\/wp-json\/wp\/v2\/posts\/31287","targetHints":{"allow":["GET"]}}],"collection":[{"href":"https:\/\/radiosurfm.com\/web\/wp-json\/wp\/v2\/posts"}],"about":[{"href":"https:\/\/radiosurfm.com\/web\/wp-json\/wp\/v2\/types\/post"}],"author":[{"embeddable":true,"href":"https:\/\/radiosurfm.com\/web\/wp-json\/wp\/v2\/users\/2"}],"replies":[{"embeddable":true,"href":"https:\/\/radiosurfm.com\/web\/wp-json\/wp\/v2\/comments?post=31287"}],"version-history":[{"count":0,"href":"https:\/\/radiosurfm.com\/web\/wp-json\/wp\/v2\/posts\/31287\/revisions"}],"wp:featuredmedia":[{"embeddable":true,"href":"https:\/\/radiosurfm.com\/web\/wp-json\/wp\/v2\/media\/31288"}],"wp:attachment":[{"href":"https:\/\/radiosurfm.com\/web\/wp-json\/wp\/v2\/media?parent=31287"}],"wp:term":[{"taxonomy":"category","embeddable":true,"href":"https:\/\/radiosurfm.com\/web\/wp-json\/wp\/v2\/categories?post=31287"},{"taxonomy":"post_tag","embeddable":true,"href":"https:\/\/radiosurfm.com\/web\/wp-json\/wp\/v2\/tags?post=31287"}],"curies":[{"name":"wp","href":"https:\/\/api.w.org\/{rel}","templated":true}]}}