{"id":31346,"date":"2025-07-22T14:14:50","date_gmt":"2025-07-22T17:14:50","guid":{"rendered":"https:\/\/radiosurfm.com\/web\/?p=31346"},"modified":"2025-07-22T14:18:39","modified_gmt":"2025-07-22T17:18:39","slug":"bullrich-en-corrientes-tengo-buena-relacion-con-valdes-pero-debemos-defender-nuestros-candidatos","status":"publish","type":"post","link":"https:\/\/radiosurfm.com\/web\/2025\/07\/22\/bullrich-en-corrientes-tengo-buena-relacion-con-valdes-pero-debemos-defender-nuestros-candidatos\/","title":{"rendered":"BULLRICH EN CORRIENTES: &#8220;Tengo buena relaci\u00f3n con Vald\u00e9s pero debemos defender nuestros candidatos&#8221;"},"content":{"rendered":"<p>La presencia de la ministra de Seguridad de la Naci\u00f3n, Patricia Bullrich, en la ciudad de Corrientes gener\u00f3 un revuelo pol\u00edtico en la antesala de las elecciones provinciales del pr\u00f3ximo 31 de agosto. La funcionaria nacional particip\u00f3 de actividades proselitistas en apoyo a los candidatos de La Libertad Avanza, el espacio oficialista que lidera el presidente Javier Milei.<\/p>\n<p>Bullrich brind\u00f3 una conferencia de prensa en el Turismo Hotel Casino, donde respondi\u00f3 preguntas de los medios locales y dej\u00f3 clara su intenci\u00f3n de respaldar a los candidatos libertarios en la provincia. \u201cYo tengo buena relaci\u00f3n con el gobernador pero nosotros somos parte de un proyecto nacional que queremos que se instale en todo el pa\u00eds, y eso implica defender a quienes representan esa propuesta\u201d, se\u00f1al\u00f3 la ministra.<\/p>\n<p>Consultado al respecto durante una actividad en el barrio Sargento Cabral, el gobernador Vald\u00e9s asegur\u00f3 no haber sido informado de la llegada de la ministra: \u201cNo sab\u00eda que iba a estar en Corrientes\u201d, expres\u00f3. Adem\u00e1s, dej\u00f3 en claro que no ten\u00edan previsto ning\u00fan encuentro y que, de concretarse, ser\u00eda Bullrich quien deber\u00eda solicitar la reuni\u00f3n. \u201cElla es la visitante\u201d, subray\u00f3.<\/p>\n<p>En definitiva, el escenario electoral en Corrientes suma un nuevo cap\u00edtulo de tensi\u00f3n entre espacios que, aunque en alg\u00fan momento se mostraron cercanos, hoy se encuentran en plena competencia. El gesto del gobernador al dejar en claro su rol institucional y la distancia frente a una figura clave del oficialismo nacional marca una l\u00ednea que podr\u00eda influir en la din\u00e1mica pol\u00edtica local de cara a los comicios.<\/p>\n","protected":false},"excerpt":{"rendered":"<p>La presencia de la ministra de Seguridad de la Naci\u00f3n, Patricia Bullrich, en la ciudad de Corrientes gener\u00f3 un revuelo pol\u00edtico en la antesala de las elecciones provinciales del pr\u00f3ximo 31 de agosto. La funcionaria nacional particip\u00f3 de actividades proselitistas en apoyo a los candidatos de La Libertad Avanza, el espacio oficialista que lidera el [&hellip;]<\/p>\n","protected":false},"author":2,"featured_media":31347,"comment_status":"open","ping_status":"open","sticky":false,"template":"","format":"standard","meta":{"footnotes":""},"categories":[66,72],"tags":[],"class_list":["post-31346","post","type-post","status-publish","format-standard","has-post-thumbnail","hentry","category-politica-nacionales","category-provinciales"],"_links":{"self":[{"href":"https:\/\/radiosurfm.com\/web\/wp-json\/wp\/v2\/posts\/31346","targetHints":{"allow":["GET"]}}],"collection":[{"href":"https:\/\/radiosurfm.com\/web\/wp-json\/wp\/v2\/posts"}],"about":[{"href":"https:\/\/radiosurfm.com\/web\/wp-json\/wp\/v2\/types\/post"}],"author":[{"embeddable":true,"href":"https:\/\/radiosurfm.com\/web\/wp-json\/wp\/v2\/users\/2"}],"replies":[{"embeddable":true,"href":"https:\/\/radiosurfm.com\/web\/wp-json\/wp\/v2\/comments?post=31346"}],"version-history":[{"count":0,"href":"https:\/\/radiosurfm.com\/web\/wp-json\/wp\/v2\/posts\/31346\/revisions"}],"wp:featuredmedia":[{"embeddable":true,"href":"https:\/\/radiosurfm.com\/web\/wp-json\/wp\/v2\/media\/31347"}],"wp:attachment":[{"href":"https:\/\/radiosurfm.com\/web\/wp-json\/wp\/v2\/media?parent=31346"}],"wp:term":[{"taxonomy":"category","embeddable":true,"href":"https:\/\/radiosurfm.com\/web\/wp-json\/wp\/v2\/categories?post=31346"},{"taxonomy":"post_tag","embeddable":true,"href":"https:\/\/radiosurfm.com\/web\/wp-json\/wp\/v2\/tags?post=31346"}],"curies":[{"name":"wp","href":"https:\/\/api.w.org\/{rel}","templated":true}]}}