{"id":31362,"date":"2025-07-22T14:48:31","date_gmt":"2025-07-22T17:48:31","guid":{"rendered":"https:\/\/radiosurfm.com\/web\/?p=31362"},"modified":"2025-07-22T14:48:31","modified_gmt":"2025-07-22T17:48:31","slug":"privatizacion-de-aysa-milei-habilita-los-cortes-de-agua-por-falta-de-pago","status":"publish","type":"post","link":"https:\/\/radiosurfm.com\/web\/2025\/07\/22\/privatizacion-de-aysa-milei-habilita-los-cortes-de-agua-por-falta-de-pago\/","title":{"rendered":"Privatizaci\u00f3n de AySA: Milei habilita los cortes de agua por falta de pago"},"content":{"rendered":"<p>El gobierno de Javier Milei avanz\u00f3 con el proceso de<b>\u00a0privatizaci\u00f3n de Agua y Saneamientos Argentinos S.A. (AySA)<\/b>\u00a0y aprovech\u00f3 para sumar una medida que perjudica a los usuarios, en un contexto de aumentos de tarifas y p\u00e9rdida de poder adquisitivo.\u00a0<b>Hasta ahora no estaba permitido el corte de servicio a los usuarios residenciales\u00a0<\/b>que tuvieran deudas en sus facturas, pero de ac\u00e1 en m\u00e1s la empresa estar\u00e1 habilitada a hacerlo.<\/p>\n<p><b>El DNU 493\/2025\u00a0sustituye m\u00e1s de 100 art\u00edculos del actual r\u00e9gimen regulatorio aprobado en 2006<\/b>\u00a0y cambia las condiciones de operaci\u00f3n de la concesionaria, que podr\u00e1 ahora garantizar financiamiento con los fondos de la explotaci\u00f3n, cortar el servicio en caso de mora en los pagos y comercializar excedentes de agua potable o capacidad cloacal.<\/p>\n<h2>Agua cortada<\/h2>\n<div class=\"slot-available\"><\/div>\n<p><b>&#8220;La Concesionaria est\u00e1 facultada para proceder al corte del Servicio P\u00fablico por atrasos en el pago de las facturas correspondientes<\/b>&#8220;, afirma el art\u00edculo 81 del nuevo marco regulatorio publicado en el Bolet\u00edn Oficial.<\/p>\n<p><b>Para los usuarios residenciales hasta ahora reg\u00eda una prohibici\u00f3n de corte del servicio.<\/b>\u00a0La empresa solo estaba habilitada a restringirlo, es decir a reducir el caudal de agua, pero no pod\u00eda interrumpirlo por completo.<b>\u00a0Ahora, tras 60 d\u00edas de mora en el pago de la factura, la compa\u00f1\u00eda podr\u00e1 proceder al corte total.<\/b><\/p>\n<p>Para los usuarios no residenciales reg\u00eda un plazo de gracia de 60 d\u00edas antes de que se pudiera cortar el servicio, que ahora fue acortado a solo 15 d\u00edas.<b>\u00a0El decreto de Milei apenas aclara que &#8220;en todo momento se deber\u00e1 considerar la protecci\u00f3n de la salud p\u00fablica&#8221;\u00a0<\/b>y la concesionaria &#8220;no podr\u00e1 ejercer su facultad de corte respecto de hospitales, sanatorios y c\u00e1rceles, sean estos p\u00fablicos o privados&#8221;.<\/p>\n<p>En un\u00a0<b>contexto de aumentos tarifarios -que se espera que se aceleren con la privatizaci\u00f3n de AySA<\/b>&#8211; y p\u00e9rdida del poder adquisitivo, el impacto sobre los hogares puede ser enorme.<\/p>\n<p>Un informe del Observatorio de Tarifas y Subsidios del IIEP, a cargo de la UBA y el Conicet, expuso que\u00a0<b>en 2024 las boletas de AySA se incrementaron un\u00a0<a>331 por ciento<\/a>. Es decir se cuadruplicaron en tan solo un a\u00f1o.<\/b><\/p>\n<p>El DNU establece que la nueva concesionaria podr\u00e1 realizar<b>\u00a0revisiones tarifarias ordinarias y extraordinarias.\u00a0Las subas ordinarias ser\u00e1n autom\u00e1ticas y en per\u00edodos no mayores a tres meses.<\/b>\u00a0Deber\u00e1n &#8220;prever un \u00edndice con el objeto de reconocer los efectos de la inflaci\u00f3n y mantener en t\u00e9rminos reales las tarifas fijadas en la revisi\u00f3n&#8221;.<\/p>\n<p>Los<b>\u00a0aumentos extraordinarios<\/b>\u00a0deber\u00e1n ser requeridos por la empresa ante el Ente Regulador de Agua y Saneamiento. Seg\u00fan dice el decreto, esas revisiones &#8220;estar\u00e1n destinadas a ajustar los precios y tarifas establecidos en la revisi\u00f3n ordinaria en funci\u00f3n de los\u00a0<b>eventuales cambios de costos producidos por hechos imprevistos sobre variables que la Concesionaria no pueda administrar&#8221;.<\/b><\/p>\n<h2>La privatizaci\u00f3n de AySA<\/h2>\n<p>El DNU publicado este martes modifica el art\u00edculo 2\u00b0 del Decreto N\u00b0 304\/06, donde\u00a0<b>se establec\u00eda que el 90% del capital de AySA pertenece al Estado<\/b>\u00a0y dispon\u00eda que dichas acciones \u201cser\u00edan intransferibles y que esa proporci\u00f3n no podr\u00e1 ser disminuida como consecuencia de operaci\u00f3n social alguna\u201d.<\/p>\n<p>Con el cambio regulatorio se determin\u00f3 que<b>\u00a0\u201cel Estado Nacional podr\u00e1 enajenar total o parcialmente su participaci\u00f3n accionaria\u201d.<\/b>\u00a0De esta manera, qued\u00f3 permitida oficialmente la privatizaci\u00f3n de la firma prestadora del servicio de agua y cloacas en el AMBA.<\/p>\n<p>Adem\u00e1s del corte de servicio por deudas, se agregaron una serie de nuevas autorizaciones para la gesti\u00f3n de la empresa concesionaria. Tendr\u00e1 &#8220;amplias facultades&#8221; para revisar y auditar, desde el punto de vista t\u00e9cnico, todas las obras que se ejecuten dentro del \u00e1rea regulada. Tambi\u00e9n podr\u00e1\u00a0<b>constituir como garant\u00edas los fondos provenientes de la explotaci\u00f3n del Contrato de Concesi\u00f3n para garantizar el repago del financiamiento<\/b>\u00a0destinado a la prestaci\u00f3n del servicio p\u00fablico.<\/p>\n<p>Con la reforma del marco normativo,\u00a0<b>el Ejecutivo encomend\u00f3 a la Agencia de Planificaci\u00f3n (APLA) crear un Plan Director de Mejora Estrat\u00e9gica que<\/b>\u00a0\u201ctiene por objeto establecer los lineamientos y estrategias t\u00e9cnicas para el desarrollo de las obras b\u00e1sicas de infraestructura que posibiliten la ampliaci\u00f3n y extensi\u00f3n del servicio p\u00fablico a trav\u00e9s de programaciones de proyectos y obras, fuentes de financiamiento y entes ejecutores\u201d.<\/p>\n<p>En este marco, dispuso que \u201cel Contrato de Concesi\u00f3n podr\u00e1 prever\u00a0<b>un r\u00e9gimen de transici\u00f3n\u00a0<\/b>a los efectos de permitir una implementaci\u00f3n ordenada y progresiva de las disposiciones de este Marco Regulatorio en lo pertinen<b>te, por un per\u00edodo no mayor de cinco a\u00f1os, una vez formalizada la privatizaci\u00f3n<\/b>, y con el prop\u00f3sito de mantener en todo momento el equilibrio de la ecuaci\u00f3n econ\u00f3mico financiero del Contrato de Concesi\u00f3n\u201d.<\/p>\n","protected":false},"excerpt":{"rendered":"<p>El gobierno de Javier Milei avanz\u00f3 con el proceso de\u00a0privatizaci\u00f3n de Agua y Saneamientos Argentinos S.A. (AySA)\u00a0y aprovech\u00f3 para sumar una medida que perjudica a los usuarios, en un contexto de aumentos de tarifas y p\u00e9rdida de poder adquisitivo.\u00a0Hasta ahora no estaba permitido el corte de servicio a los usuarios residenciales\u00a0que tuvieran deudas en sus [&hellip;]<\/p>\n","protected":false},"author":2,"featured_media":31363,"comment_status":"open","ping_status":"open","sticky":false,"template":"","format":"standard","meta":{"footnotes":""},"categories":[65,64],"tags":[],"class_list":["post-31362","post","type-post","status-publish","format-standard","has-post-thumbnail","hentry","category-economia","category-nacionales"],"_links":{"self":[{"href":"https:\/\/radiosurfm.com\/web\/wp-json\/wp\/v2\/posts\/31362","targetHints":{"allow":["GET"]}}],"collection":[{"href":"https:\/\/radiosurfm.com\/web\/wp-json\/wp\/v2\/posts"}],"about":[{"href":"https:\/\/radiosurfm.com\/web\/wp-json\/wp\/v2\/types\/post"}],"author":[{"embeddable":true,"href":"https:\/\/radiosurfm.com\/web\/wp-json\/wp\/v2\/users\/2"}],"replies":[{"embeddable":true,"href":"https:\/\/radiosurfm.com\/web\/wp-json\/wp\/v2\/comments?post=31362"}],"version-history":[{"count":0,"href":"https:\/\/radiosurfm.com\/web\/wp-json\/wp\/v2\/posts\/31362\/revisions"}],"wp:featuredmedia":[{"embeddable":true,"href":"https:\/\/radiosurfm.com\/web\/wp-json\/wp\/v2\/media\/31363"}],"wp:attachment":[{"href":"https:\/\/radiosurfm.com\/web\/wp-json\/wp\/v2\/media?parent=31362"}],"wp:term":[{"taxonomy":"category","embeddable":true,"href":"https:\/\/radiosurfm.com\/web\/wp-json\/wp\/v2\/categories?post=31362"},{"taxonomy":"post_tag","embeddable":true,"href":"https:\/\/radiosurfm.com\/web\/wp-json\/wp\/v2\/tags?post=31362"}],"curies":[{"name":"wp","href":"https:\/\/api.w.org\/{rel}","templated":true}]}}