{"id":31374,"date":"2025-07-23T13:42:48","date_gmt":"2025-07-23T16:42:48","guid":{"rendered":"https:\/\/radiosurfm.com\/web\/?p=31374"},"modified":"2025-07-23T13:42:48","modified_gmt":"2025-07-23T16:42:48","slug":"sueldos-del-mes-de-julio","status":"publish","type":"post","link":"https:\/\/radiosurfm.com\/web\/2025\/07\/23\/sueldos-del-mes-de-julio\/","title":{"rendered":"Sueldos del mes de Julio"},"content":{"rendered":"<p>Los haberes de este mes es para los agentes de la administraci\u00f3n p\u00fablica provincial, activos, jubilados y pensionados. La liquidaci\u00f3n comienza este viernes 25 y se extiende hasta el 31.<\/p>\n<p>El primer tramo ser\u00e1 d\u00eda de pago a los agentes de la administraci\u00f3n p\u00fablica provincial, activos, jubilados y pensionados con Documento Nacional de Identidad terminados en 0 y 1.<\/p>\n<p>El cronograma contin\u00faa el lunes 28, jornada que percibir\u00e1n los agentes con documentos terminados en n\u00fameros 2 y 3; este tramo estar\u00e1 disponibles a trav\u00e9s de los cajeros habilitados por el Banco de Corrientes SA y homebanking desde el s\u00e1bado 26.<\/p>\n<p>El tercer tramo ser\u00e1 el martes 29, d\u00eda de pago a los DNI terminados en 4 y 5. El mi\u00e9rcoles 30, 6 y 7, y el cronograma de pago de los sueldos de julio finaliza el jueves 31, jornada que se paga a los agentes con 8 y 9.<\/p>\n","protected":false},"excerpt":{"rendered":"<p>Los haberes de este mes es para los agentes de la administraci\u00f3n p\u00fablica provincial, activos, jubilados y pensionados. La liquidaci\u00f3n comienza este viernes 25 y se extiende hasta el 31. El primer tramo ser\u00e1 d\u00eda de pago a los agentes de la administraci\u00f3n p\u00fablica provincial, activos, jubilados y pensionados con Documento Nacional de Identidad terminados [&hellip;]<\/p>\n","protected":false},"author":2,"featured_media":29871,"comment_status":"open","ping_status":"open","sticky":false,"template":"","format":"standard","meta":{"footnotes":""},"categories":[65,72],"tags":[],"class_list":["post-31374","post","type-post","status-publish","format-standard","has-post-thumbnail","hentry","category-economia","category-provinciales"],"_links":{"self":[{"href":"https:\/\/radiosurfm.com\/web\/wp-json\/wp\/v2\/posts\/31374","targetHints":{"allow":["GET"]}}],"collection":[{"href":"https:\/\/radiosurfm.com\/web\/wp-json\/wp\/v2\/posts"}],"about":[{"href":"https:\/\/radiosurfm.com\/web\/wp-json\/wp\/v2\/types\/post"}],"author":[{"embeddable":true,"href":"https:\/\/radiosurfm.com\/web\/wp-json\/wp\/v2\/users\/2"}],"replies":[{"embeddable":true,"href":"https:\/\/radiosurfm.com\/web\/wp-json\/wp\/v2\/comments?post=31374"}],"version-history":[{"count":0,"href":"https:\/\/radiosurfm.com\/web\/wp-json\/wp\/v2\/posts\/31374\/revisions"}],"wp:featuredmedia":[{"embeddable":true,"href":"https:\/\/radiosurfm.com\/web\/wp-json\/wp\/v2\/media\/29871"}],"wp:attachment":[{"href":"https:\/\/radiosurfm.com\/web\/wp-json\/wp\/v2\/media?parent=31374"}],"wp:term":[{"taxonomy":"category","embeddable":true,"href":"https:\/\/radiosurfm.com\/web\/wp-json\/wp\/v2\/categories?post=31374"},{"taxonomy":"post_tag","embeddable":true,"href":"https:\/\/radiosurfm.com\/web\/wp-json\/wp\/v2\/tags?post=31374"}],"curies":[{"name":"wp","href":"https:\/\/api.w.org\/{rel}","templated":true}]}}