{"id":31418,"date":"2025-07-25T14:53:12","date_gmt":"2025-07-25T17:53:12","guid":{"rendered":"https:\/\/radiosurfm.com\/web\/?p=31418"},"modified":"2025-07-25T14:53:12","modified_gmt":"2025-07-25T17:53:12","slug":"el-suicidio-de-un-policia-en-el-churruca-destapo-la-crisis-de-la-federal-por-el-ajuste-libertario","status":"publish","type":"post","link":"https:\/\/radiosurfm.com\/web\/2025\/07\/25\/el-suicidio-de-un-policia-en-el-churruca-destapo-la-crisis-de-la-federal-por-el-ajuste-libertario\/","title":{"rendered":"El suicidio de un Polic\u00eda en el Churruca destap\u00f3 la crisis de la Federal por el ajuste libertario"},"content":{"rendered":"<p><b>La interna de la Polic\u00eda Federal est\u00e1 al borde de la explosi\u00f3n.<\/b>\u00a0En primer lugar, por los bajos salarios. La Polic\u00eda de la Ciudad gana mensualmente un 50 por ciento m\u00e1s que los azules, cuando los sueldos eran parejos en diciembre de 2023. O sea, una ca\u00edda brutal por obra del gobierno de Javier Milei y la motosierra libertaria. Esto produce un n\u00famero de pedidos de baja que es r\u00e9cord hist\u00f3rico y que multiplica por diez los registros de a\u00f1os anteriores. A esto se suma la cat\u00e1strofe de la obra social, con enorme cantidad de servicios que dejaron de funcionar y miles de farmacias que ya no atienden a los uniformados. En el interior, directamente la obra social casi no da servicios y los efectivos tienen que recurrir a contratar prepagas, algo que no pueden solventar sin la ayuda familiar. El hospital de referencia, el Churruca, est\u00e1 en ruinas y tambi\u00e9n cerraron buena parte de los servicios. Un punto que agudiz\u00f3 las quejas fue el suicidio del escribiente Alejandro Tejerina en un ba\u00f1o del lugar cuando ya le quedaban pocos d\u00edas de vida y el hospital lo desatendi\u00f3.<\/p>\n<p>Adem\u00e1s de todos estos dramas,\u00a0<b>hay tambi\u00e9n un trasfondo pol\u00edtico<\/b>. Buena parte de los uniformados est\u00e1n alineados con la vicepresidenta Victoria Villarruel y no faltan las publicaciones en las que hablan de Patricia Bullrich como \u201cla panqueque\u201d y hasta la \u201cexMontonera\u201d. La imagen de Bullrich como defensora de polic\u00edas, dentro de la fuerza, no existe. Ni remotamente.<\/p>\n<h2>600 pedidos de baja en 6 meses<\/h2>\n<p>La crisis en todos los aspectos se viene cocinando desde hace tiempo, pero trepa m\u00e1s cada d\u00eda que pasa. La cuesti\u00f3n salarial motiv\u00f3 que &#8211;seg\u00fan cifras oficiales&#8211; pidieran la baja en 2025 m\u00e1s de 400 efectivos. Pero ese dato corresponde s\u00f3lo a personal de seguridad: hay que sumarle m\u00e9dicos, enfermeras, personal administrativo. El total no baja de 600 en seis meses. En a\u00f1os anteriores, el n\u00famero de bajas pedidas no pasaba de 50 cada medio a\u00f1o. O sea,\u00a0<b>la deserci\u00f3n es monumental<\/b>. El punto es que el ingreso de los polic\u00edas federales &#8211;lo mismo que el de todos los estatales&#8211; se deterior\u00f3 en forma brutal. En cierto sentido, lo que sucede se parece a lo que ocurre con los profesionales que trabajan en todo el Estado:\u00a0<b>su poder de compra baj\u00f3 en un 50 por ciento desde que asumi\u00f3 Milei.\u00a0<\/b><\/p>\n<p>La cuesti\u00f3n de la Obra Social est\u00e1 provocando un terremoto, como se refleja en la p\u00e1gina\u00a0<i>Azules por Siempre<\/i>. Hay oficiales a los que les descuentan 100.000 pesos y no tienen servicios. A los comisarios, les sacan unos 300.000, y no reciben ninguna atenci\u00f3n, sobre todo en buena parte del interior. Es que all\u00ed casi no existe la obra social, de manera que s\u00ed o s\u00ed el efectivo necesita una prepaga. Quienes manejan esos organismos argumentan que es de dif\u00edcil sostenerlas, que las cuentas son imposibles de cerrar sin aportes fuertes del Estado. La raz\u00f3n es que los efectivos suelen tener varios matrimonios e hijos en cada uno de ellos, mientras que el aporte es en base a un solo sueldo, que encima est\u00e1 fuertemente en baja. No es como en una prepaga que se paga por afiliado, por esposa, por cada hijo. El sistema de la obra social es solidario. A esto se agrega que los integrantes de la polic\u00eda se retiran j\u00f3venes, m\u00e1s o menos a los 50 a\u00f1os, con lo cual hay que brindar atenci\u00f3n durante much\u00edsimo tiempo.\u00a0<b>Como es obvio, el Estado tiene que aportar porque son servidores p\u00fablicos, pero en los tiempos de Milei no lo hace<\/b>. De manera que, por ejemplo, el hospital Churruca est\u00e1 en grav\u00edsima situaci\u00f3n. Muchos ya no van a atenderse porque no hay respuesta.<\/p>\n<h2>El suicidio de Tejerina<\/h2>\n<p>El suicidio de Tejerina fue de alto impacto y multiplic\u00f3 las quejas, tal como reflej\u00f3 este lunes el sitio\u00a0<i>Data Clave<\/i>, con nota de Ivy Cangaro. Tejerina fue un destacado suboficial de custodias que ocup\u00f3 lugares de responsabilidad, tanto durante el gobierno de Carlos Menem como despu\u00e9s con Fernando De la R\u00faa. En un momento de mala atenci\u00f3n, el s\u00e1bado 5 de julio, decidi\u00f3 quitarse la vida. No estaba de uniforme, seg\u00fan se\u00f1ala el parte policial. Adem\u00e1s de cartas a su familia, dej\u00f3 una para el director del Churruca, expres\u00e1ndole quejas por el mal trato.<\/p>\n<div class=\"slot-available\"><\/div>\n<p>Por eso, gran parte de los efectivos, en actividad y retirados, que supieron de la noticia le echaron la culpa a la situaci\u00f3n actual del hospital y a la Obra Social. En 2023, cuando el ministro de Seguridad era An\u00edbal Fern\u00e1ndez, se consiguieron fondos especiales &#8211;autorizados por Alberto Fern\u00e1ndez&#8211; y tanto el Churruca como la obra social se pusieron en equilibrio.\u00a0<b>El derrumbe actual s\u00f3lo se explica por la gesti\u00f3n de Javier Milei y Patricia Bullrich.<\/b>\u00a0Por supuesto que\u00a0<b>a esto se suman las sospechas de corrupci\u00f3n<\/b>, porque las cifras que se manejan son enormes. En el \u00e1mbito de la Federal es un secreto a voces que las licitaciones se hacen por valores inusitados.<\/p>\n<p><b>No es un ingrediente menor la interna pol\u00edtica.<\/b>\u00a0<b>Pese a que Bullrich act\u00faa como si fuera defensora de los polic\u00edas, en las publicaciones internas \u00e9stos la tratan mal.<\/b>\u00a0O muy mal.\u00a0<b>Parte de los uniformados tienen simpat\u00edas por la vicepresidenta Villarrue<\/b>l, cuya interna con Bullrich y el ministro de Defensa, Luis Petri, se desarrolla a cielo abierto. Pero tampoco le perdonan a Bullrich su trayectoria saltimbanqui y el recuerdo de que form\u00f3 parte de Montoneros, pese a que ella lo desmiente. El c\u00f3ctel explosivo se completa con los bajos salarios, operativos de much\u00edsimas horas, en malas condiciones, con el \u00fanico siniestro objetivo de pegarle a un grupo peque\u00f1o de jubilados.<\/p>\n","protected":false},"excerpt":{"rendered":"<p>La interna de la Polic\u00eda Federal est\u00e1 al borde de la explosi\u00f3n.\u00a0En primer lugar, por los bajos salarios. La Polic\u00eda de la Ciudad gana mensualmente un 50 por ciento m\u00e1s que los azules, cuando los sueldos eran parejos en diciembre de 2023. O sea, una ca\u00edda brutal por obra del gobierno de Javier Milei y [&hellip;]<\/p>\n","protected":false},"author":2,"featured_media":31419,"comment_status":"open","ping_status":"open","sticky":false,"template":"","format":"standard","meta":{"footnotes":""},"categories":[64],"tags":[],"class_list":["post-31418","post","type-post","status-publish","format-standard","has-post-thumbnail","hentry","category-nacionales"],"_links":{"self":[{"href":"https:\/\/radiosurfm.com\/web\/wp-json\/wp\/v2\/posts\/31418","targetHints":{"allow":["GET"]}}],"collection":[{"href":"https:\/\/radiosurfm.com\/web\/wp-json\/wp\/v2\/posts"}],"about":[{"href":"https:\/\/radiosurfm.com\/web\/wp-json\/wp\/v2\/types\/post"}],"author":[{"embeddable":true,"href":"https:\/\/radiosurfm.com\/web\/wp-json\/wp\/v2\/users\/2"}],"replies":[{"embeddable":true,"href":"https:\/\/radiosurfm.com\/web\/wp-json\/wp\/v2\/comments?post=31418"}],"version-history":[{"count":0,"href":"https:\/\/radiosurfm.com\/web\/wp-json\/wp\/v2\/posts\/31418\/revisions"}],"wp:featuredmedia":[{"embeddable":true,"href":"https:\/\/radiosurfm.com\/web\/wp-json\/wp\/v2\/media\/31419"}],"wp:attachment":[{"href":"https:\/\/radiosurfm.com\/web\/wp-json\/wp\/v2\/media?parent=31418"}],"wp:term":[{"taxonomy":"category","embeddable":true,"href":"https:\/\/radiosurfm.com\/web\/wp-json\/wp\/v2\/categories?post=31418"},{"taxonomy":"post_tag","embeddable":true,"href":"https:\/\/radiosurfm.com\/web\/wp-json\/wp\/v2\/tags?post=31418"}],"curies":[{"name":"wp","href":"https:\/\/api.w.org\/{rel}","templated":true}]}}