{"id":32003,"date":"2025-09-01T13:25:02","date_gmt":"2025-09-01T16:25:02","guid":{"rendered":"https:\/\/radiosurfm.com\/web\/?p=32003"},"modified":"2025-09-01T13:31:07","modified_gmt":"2025-09-01T16:31:07","slug":"concejales-electos-en-corrientes","status":"publish","type":"post","link":"https:\/\/radiosurfm.com\/web\/2025\/09\/01\/concejales-electos-en-corrientes\/","title":{"rendered":"Concejales electos en Goya Corrientes"},"content":{"rendered":"<p>Tras la elecci\u00f3n de ayer, la Alianza Vamos Corrientes sumar\u00e1 4 concejales: Emanuel Blanco, Ver\u00f3nica Viviana Ram\u00edrez, Marcelo Frattini (2\u00b0 Mandato) y Gabriela Itat\u00ed Refojos (2\u00b0 Mandato). Mientras que Limpiar Corrientes dos concejales: Mar\u00eda Bel\u00e9n Gogga y Marcos Gonz\u00e1lez. Un concejal llega de la mano de ECO: Valeria Calvi; y uno ingresar\u00eda al HCD por La Libertad Avanza: Nahuel Cabrol.<\/p>\n<p>Recordemos que el 10 de diciembre finalizan su mandato Nicol\u00e1s Correa Curak, Sebasti\u00e1n Mazzaro (asumir\u00e1 como viceintendente y presidir\u00e1 el HCD), Gabriela Refojos (reelecta), Marcelo Frattini (reelecto), Leandro Montti, Karina Esquen\u00f3n, Lorena P\u00e9rez Carballo y Jorge Zorzoli.<\/p>\n<p>&nbsp;<\/p>\n","protected":false},"excerpt":{"rendered":"<p>Tras la elecci\u00f3n de ayer, la Alianza Vamos Corrientes sumar\u00e1 4 concejales: Emanuel Blanco, Ver\u00f3nica Viviana Ram\u00edrez, Marcelo Frattini (2\u00b0 Mandato) y Gabriela Itat\u00ed Refojos (2\u00b0 Mandato). Mientras que Limpiar Corrientes dos concejales: Mar\u00eda Bel\u00e9n Gogga y Marcos Gonz\u00e1lez. Un concejal llega de la mano de ECO: Valeria Calvi; y uno ingresar\u00eda al HCD por [&hellip;]<\/p>\n","protected":false},"author":2,"featured_media":30935,"comment_status":"open","ping_status":"open","sticky":false,"template":"","format":"standard","meta":{"footnotes":""},"categories":[56,66],"tags":[],"class_list":["post-32003","post","type-post","status-publish","format-standard","has-post-thumbnail","hentry","category-locales","category-politica-nacionales"],"_links":{"self":[{"href":"https:\/\/radiosurfm.com\/web\/wp-json\/wp\/v2\/posts\/32003","targetHints":{"allow":["GET"]}}],"collection":[{"href":"https:\/\/radiosurfm.com\/web\/wp-json\/wp\/v2\/posts"}],"about":[{"href":"https:\/\/radiosurfm.com\/web\/wp-json\/wp\/v2\/types\/post"}],"author":[{"embeddable":true,"href":"https:\/\/radiosurfm.com\/web\/wp-json\/wp\/v2\/users\/2"}],"replies":[{"embeddable":true,"href":"https:\/\/radiosurfm.com\/web\/wp-json\/wp\/v2\/comments?post=32003"}],"version-history":[{"count":0,"href":"https:\/\/radiosurfm.com\/web\/wp-json\/wp\/v2\/posts\/32003\/revisions"}],"wp:featuredmedia":[{"embeddable":true,"href":"https:\/\/radiosurfm.com\/web\/wp-json\/wp\/v2\/media\/30935"}],"wp:attachment":[{"href":"https:\/\/radiosurfm.com\/web\/wp-json\/wp\/v2\/media?parent=32003"}],"wp:term":[{"taxonomy":"category","embeddable":true,"href":"https:\/\/radiosurfm.com\/web\/wp-json\/wp\/v2\/categories?post=32003"},{"taxonomy":"post_tag","embeddable":true,"href":"https:\/\/radiosurfm.com\/web\/wp-json\/wp\/v2\/tags?post=32003"}],"curies":[{"name":"wp","href":"https:\/\/api.w.org\/{rel}","templated":true}]}}