{"id":32020,"date":"2025-09-03T12:03:28","date_gmt":"2025-09-03T15:03:28","guid":{"rendered":"https:\/\/radiosurfm.com\/web\/?p=32020"},"modified":"2025-09-03T12:03:28","modified_gmt":"2025-09-03T15:03:28","slug":"se-impuso-con-mas-del-45-de-los-votos-el-peronismo-triunfo-en-la-comuna-de-empedrado","status":"publish","type":"post","link":"https:\/\/radiosurfm.com\/web\/2025\/09\/03\/se-impuso-con-mas-del-45-de-los-votos-el-peronismo-triunfo-en-la-comuna-de-empedrado\/","title":{"rendered":"SE IMPUSO CON M\u00c1S DEL 45% DE LOS VOTOS: El peronismo triunf\u00f3 en la Comuna de Empedrado"},"content":{"rendered":"<p>El m\u00e9dico y actual concejal, Fernando &#8220;Chara&#8221; Echeverr\u00eda, gan\u00f3 las elecciones con un contundente triunfo y ser\u00e1 el pr\u00f3ximo intendente de la ciudad de Empedrado a partir del pr\u00f3ximo 10 de diciembre.<\/p>\n<p>El peronismo se impuso en esa localidad con m\u00e1s del 45% de los votos a Vamos Corrientes, la alianza oficialista, que obtuvo el 29%, indican los datos del escrutinio provisorio de las ultimas elecciones del domingo 31 de agosto.<\/p>\n<p>Primero Empedrado, frente encabezado por Echeverr\u00eda y acompa\u00f1ado por Ana Laura Acevedo como vice intendente, adem\u00e1s logr\u00f3 quedarse con tres de las cinco bancas en el Concejo Deliberante.<\/p>\n<p>De esta manera, Asumir\u00e1n Yoni Alegre, Paula Romero y \u00c1lvaro Piragine.<\/p>\n<p>Tras conocerse el triunfo el intendente electo realiz\u00f3 una caminata multitudinaria junto a la militancia, y culmin\u00f3 con un discurso en la plaza 25 de Mayo. &#8220;Es el momento de que empecemos a trabajar juntos por un Empedrado mejor. Gracias a todos los que pusieron primero a Empedrado de coraz\u00f3n&#8221;, finaliz\u00f3 Echeverr\u00eda.<\/p>\n<p>En otro orden de cosas, record\u00f3 en declaraciones radiales: &#8220;Empedrado est\u00e1 destruido, con calles sucias, venimos trabajando por mejoras, pero los recursos est\u00e1n mal administrados y queremos cambiar eso&#8221;.<\/p>\n<p>Primero Empedrado adem\u00e1s logr\u00f3 quedarse con tres de las cinco bancas en el Concejo Deliberante. No obstante ello, es de mencionar que en los 25 departamentos de la provincia de Corrientes el oficialismo local, representado por la alianza Vamos Corrientes, logr\u00f3 la victoria en forma contundente. Los resultados se desprenden de los datos finales, tras el escrutinio de los comicios del \u00faltimo domingo.<\/p>\n","protected":false},"excerpt":{"rendered":"<p>El m\u00e9dico y actual concejal, Fernando &#8220;Chara&#8221; Echeverr\u00eda, gan\u00f3 las elecciones con un contundente triunfo y ser\u00e1 el pr\u00f3ximo intendente de la ciudad de Empedrado a partir del pr\u00f3ximo 10 de diciembre. El peronismo se impuso en esa localidad con m\u00e1s del 45% de los votos a Vamos Corrientes, la alianza oficialista, que obtuvo el [&hellip;]<\/p>\n","protected":false},"author":2,"featured_media":32021,"comment_status":"open","ping_status":"open","sticky":false,"template":"","format":"standard","meta":{"footnotes":""},"categories":[66,72],"tags":[],"class_list":["post-32020","post","type-post","status-publish","format-standard","has-post-thumbnail","hentry","category-politica-nacionales","category-provinciales"],"_links":{"self":[{"href":"https:\/\/radiosurfm.com\/web\/wp-json\/wp\/v2\/posts\/32020","targetHints":{"allow":["GET"]}}],"collection":[{"href":"https:\/\/radiosurfm.com\/web\/wp-json\/wp\/v2\/posts"}],"about":[{"href":"https:\/\/radiosurfm.com\/web\/wp-json\/wp\/v2\/types\/post"}],"author":[{"embeddable":true,"href":"https:\/\/radiosurfm.com\/web\/wp-json\/wp\/v2\/users\/2"}],"replies":[{"embeddable":true,"href":"https:\/\/radiosurfm.com\/web\/wp-json\/wp\/v2\/comments?post=32020"}],"version-history":[{"count":0,"href":"https:\/\/radiosurfm.com\/web\/wp-json\/wp\/v2\/posts\/32020\/revisions"}],"wp:featuredmedia":[{"embeddable":true,"href":"https:\/\/radiosurfm.com\/web\/wp-json\/wp\/v2\/media\/32021"}],"wp:attachment":[{"href":"https:\/\/radiosurfm.com\/web\/wp-json\/wp\/v2\/media?parent=32020"}],"wp:term":[{"taxonomy":"category","embeddable":true,"href":"https:\/\/radiosurfm.com\/web\/wp-json\/wp\/v2\/categories?post=32020"},{"taxonomy":"post_tag","embeddable":true,"href":"https:\/\/radiosurfm.com\/web\/wp-json\/wp\/v2\/tags?post=32020"}],"curies":[{"name":"wp","href":"https:\/\/api.w.org\/{rel}","templated":true}]}}