{"id":32023,"date":"2025-09-03T12:08:43","date_gmt":"2025-09-03T15:08:43","guid":{"rendered":"https:\/\/radiosurfm.com\/web\/?p=32023"},"modified":"2025-09-03T12:08:43","modified_gmt":"2025-09-03T15:08:43","slug":"se-reunio-la-comision-de-cultura-del-concejo-deliberante-de-goya","status":"publish","type":"post","link":"https:\/\/radiosurfm.com\/web\/2025\/09\/03\/se-reunio-la-comision-de-cultura-del-concejo-deliberante-de-goya\/","title":{"rendered":"Se reuni\u00f3 la Comisi\u00f3n de Cultura del Concejo Deliberante de Goya"},"content":{"rendered":"<p>Este martes se reuni\u00f3 la Comisi\u00f3n de Cultura, Deporte, Recreaci\u00f3n y Turismo del HCD de Goya, que analizo distintos temas que se encuentran en tratamiento en el seno de la misma.<\/p>\n<div>La Comisi\u00f3n se reuni\u00f3 en el Sal\u00f3n \u201cMabel Barrile\u201d del cuarto piso del edificio comunal, y cont\u00f3 con la presencia de los concejales Gabriela Refojos, Carina Esquen\u00f3n y Oscar Ferrero, quienes fueron asistidos por el Secretario de Comisiones Sergio Izquierdo y por Carlos Forni\u00e9s.<\/div>\n<div><\/div>\n<div>En esta oportunidad, los mencionados ediles hicieron un repaso de los proyectos a lo que la Comisi\u00f3n dio despacho aconsejando su aprobaci\u00f3n y analizaron otros temas que se encuentran en tratamiento en el seno de la misma<\/div>\n","protected":false},"excerpt":{"rendered":"<p>Este martes se reuni\u00f3 la Comisi\u00f3n de Cultura, Deporte, Recreaci\u00f3n y Turismo del HCD de Goya, que analizo distintos temas que se encuentran en tratamiento en el seno de la misma. La Comisi\u00f3n se reuni\u00f3 en el Sal\u00f3n \u201cMabel Barrile\u201d del cuarto piso del edificio comunal, y cont\u00f3 con la presencia de los concejales Gabriela [&hellip;]<\/p>\n","protected":false},"author":2,"featured_media":30935,"comment_status":"open","ping_status":"open","sticky":false,"template":"","format":"standard","meta":{"footnotes":""},"categories":[56,66],"tags":[],"class_list":["post-32023","post","type-post","status-publish","format-standard","has-post-thumbnail","hentry","category-locales","category-politica-nacionales"],"_links":{"self":[{"href":"https:\/\/radiosurfm.com\/web\/wp-json\/wp\/v2\/posts\/32023","targetHints":{"allow":["GET"]}}],"collection":[{"href":"https:\/\/radiosurfm.com\/web\/wp-json\/wp\/v2\/posts"}],"about":[{"href":"https:\/\/radiosurfm.com\/web\/wp-json\/wp\/v2\/types\/post"}],"author":[{"embeddable":true,"href":"https:\/\/radiosurfm.com\/web\/wp-json\/wp\/v2\/users\/2"}],"replies":[{"embeddable":true,"href":"https:\/\/radiosurfm.com\/web\/wp-json\/wp\/v2\/comments?post=32023"}],"version-history":[{"count":0,"href":"https:\/\/radiosurfm.com\/web\/wp-json\/wp\/v2\/posts\/32023\/revisions"}],"wp:featuredmedia":[{"embeddable":true,"href":"https:\/\/radiosurfm.com\/web\/wp-json\/wp\/v2\/media\/30935"}],"wp:attachment":[{"href":"https:\/\/radiosurfm.com\/web\/wp-json\/wp\/v2\/media?parent=32023"}],"wp:term":[{"taxonomy":"category","embeddable":true,"href":"https:\/\/radiosurfm.com\/web\/wp-json\/wp\/v2\/categories?post=32023"},{"taxonomy":"post_tag","embeddable":true,"href":"https:\/\/radiosurfm.com\/web\/wp-json\/wp\/v2\/tags?post=32023"}],"curies":[{"name":"wp","href":"https:\/\/api.w.org\/{rel}","templated":true}]}}